{"id":845453,"date":"2026-03-05T16:24:18","date_gmt":"2026-03-05T16:24:18","guid":{"rendered":"https:\/\/www.europesays.com\/de\/845453\/"},"modified":"2026-03-05T16:24:18","modified_gmt":"2026-03-05T16:24:18","slug":"us-regierung-will-rosneft-deutschland-von-sanktionen-ausnehmen","status":"publish","type":"post","link":"https:\/\/www.europesays.com\/de\/845453\/","title":{"rendered":"US-Regierung will Rosneft Deutschland von Sanktionen ausnehmen"},"content":{"rendered":"<p>Rosneft Deutschland <\/p>\n<p>Trump will Raffinerie Schwedt von US-Sanktionen ausnehmen<\/p>\n<p>05.03.2026 &#8211; 17:22 UhrLesedauer: 2 Min.<\/p>\n<p><a href=\"#focus-0\" class=\"transition-colors duration-200 block text-current relative\" data-sctrack=\"FocusGalleryImage.Reference\"><img fetchpriority=\"high\" data-testid=\"Opener.Image\" style=\"--lqipURL:url('https:\/\/images.t-online.de\/2026\/02\/G7i6l8WVFEj7\/0x19:2048x1152\/fit-in\/150x0\/filters:blur(25)\/die-pck-raffinerie-in-schwedt-oder-befuerchtet-negative-folgen-fuer-die-versorgung-mit-sprit-und-heizoel-falls-us-sanktionen-in-kraft-treten-archivbild.jpg')\"   loading=\"eager\" src=\"https:\/\/www.europesays.com\/de\/wp-content\/uploads\/2026\/03\/die-pck-raffinerie-in-schwedt-oder-befuerchtet-negative-folgen-fuer-die-versorgung-mit-sprit-und-hei.jpeg\" alt=\"PCK-Raffinerie GmbH\" title=\"PCK-Raffinerie GmbH\" width=\"2048\" height=\"1152\" class=\"bg-[url:var(--lqipURL)] bg-cover bg-center flex h-full w-full max-w-full\" decoding=\"async\"\/><img style=\"--width:32;--height:32\" loading=\"lazy\" src=\"https:\/\/www.t-online.de\/s\/paper\/_next\/static\/media\/zoom-in.f7dae02f.svg\" alt=\"Vergr\u00f6\u00dfern des Bildes\" title=\"Vergr\u00f6\u00dfern des Bildes\" class=\"block h-[calc(var(--height)_\/_16_*_1rem)] w-[calc(var(--width)_\/_16_*_1rem)] max-w-none absolute bottom-8 right-8 rounded-4 bg-snow p-8\" decoding=\"async\"\/><\/a><\/p>\n<p>Die PCK-Raffinerie in Schwedt\/Oder bef\u00fcrchtet negative Folgen f\u00fcr die Versorgung mit Sprit und Heiz\u00f6l, falls US-Sanktionen in Kraft treten. (Archivbild) (Quelle: Patrick Pleul\/dpa\/dpa-bilder)<\/p>\n<p class=\"font-bold text-18 leading-17 user-text-lg:text-22 user-text-xl:text-24\">Die Raffinerie Schwedt liefert den Sprit f\u00fcr Berlin und den Flughafen Sch\u00f6nefeld. Doch drohen wegen Kontakten nach Russland Sanktionen. Das k\u00f6nnte sich \u00e4ndern.<\/p>\n<p class=\"text-18 leading-17 user-text-lg:text-22 user-text-xl:text-24\">Die US-Regierung will die deutsche Tochter des russischen \u00d6lkonzerns Rosneft einem Medienbericht zufolge unbefristet von Sanktionen ausnehmen. Eine Entscheidung des US-Finanzministeriums werde f\u00fcr Freitag erwartet, der Zeitpunkt k\u00f6nne sich jedoch noch \u00e4ndern, berichtete die Nachrichtenagentur Bloomberg unter Berufung auf eine mit der Angelegenheit vertraute Person.<\/p>\n<p class=\"text-18 leading-17 user-text-lg:text-22 user-text-xl:text-24\">Eine Verl\u00e4ngerung der bestehenden Ausnahmegenehmigung w\u00fcrde das Risiko von St\u00f6rungen im deutschen Raffineriebetrieb verringern. Der eskalierende Konflikt im Nahen Osten verunsichert derzeit die globalen Energiem\u00e4rkte.<\/p>\n<p class=\"text-18 leading-17 user-text-lg:text-22 user-text-xl:text-24\"><a class=\"transition-colors duration-200 cursor-pointer text-inherit no-underline text-salemsfur md:hover:text-magenta md:hover:border-magenta md:focus:text-magenta border-current border-b border-solid break-words\" href=\"https:\/\/www.t-online.de\/nachrichten\/deutschland\/innenpolitik\/id_101154300\/merz-trump-termin-das-waere-ein-gewinn-fuers-land.html\" data-sctrack=\"BodyAnchor\" rel=\"nofollow noopener\" target=\"_blank\">Die Entscheidung in den USA kommt unmittelbar nach dem US-Besuch bei Pr\u00e4sident Donald Trump.<\/a> Das Bundeswirtschaftsministerium erkl\u00e4rte, die im Herbst von den <a class=\"transition-colors duration-200 cursor-pointer text-inherit no-underline text-salemsfur md:hover:text-magenta md:hover:border-magenta md:focus:text-magenta border-current border-b border-solid break-words\" href=\"https:\/\/www.t-online.de\/themen\/usa\/\" data-sctrack=\"BodyAnchor\" rel=\"nofollow noopener\" target=\"_blank\">USA<\/a> verh\u00e4ngten Sanktionen zielten nicht auf die deutschen Tochtergesellschaften ab, die durch die Treuhandverwaltung von der russischen Muttergesellschaft abgekoppelt seien. Die zust\u00e4ndige US Beh\u00f6rde OFAC habe vor diesem Hintergrund im Herbst schnell gehandelt und eine erste sogenannte General License ver\u00f6ffentlicht.<\/p>\n<p class=\"text-18 leading-17 user-text-lg:text-22 user-text-xl:text-24\">Diese Genehmigung stelle sicher, dass die hiesigen Tochtergesellschaften nicht von den US-Sanktionen erfasst w\u00fcrden. &#8222;Im Hinblick auf eine m\u00f6glichst fr\u00fchzeitige Verl\u00e4ngerung der ma\u00dfgeblichen US-Ausnahmegenehmigung stehen wir mit den zust\u00e4ndigen US-Beh\u00f6rden in einem engen und sehr konstruktiven Austausch.&#8220;<\/p>\n","protected":false},"excerpt":{"rendered":"Rosneft Deutschland Trump will Raffinerie Schwedt von US-Sanktionen ausnehmen 05.03.2026 &#8211; 17:22 UhrLesedauer: 2 Min. Die PCK-Raffinerie in&hellip;\n","protected":false},"author":2,"featured_media":845454,"comment_status":"","ping_status":"","sticky":false,"template":"","format":"standard","meta":{"footnotes":"","_share_on_mastodon":"0"},"categories":[2],"tags":[326,331,3924,332,3922,296,19095,3364,29,106,26291,30,13,4045,14,3923,15,3921,19927,3186,97217,307,9562,12,2868,129490,19294,317,320],"class_list":["post-845453","post","type-post","status-publish","format-standard","has-post-thumbnail","category-deutschland","tag-326","tag-aktuelle-nachrichten","tag-aktuelle-nachrichten-aus-deutschland","tag-aktuelle-news","tag-aktuelle-news-aus-deutschland","tag-berlin","tag-bloomberg-news","tag-de","tag-deutschland","tag-donald-trump","tag-finanzministerium-der-vereinigten-staaten","tag-germany","tag-headlines","tag-konflikt","tag-nachrichten","tag-nachrichten-aus-deutschland","tag-news","tag-news-aus-deutschland","tag-raffinerie","tag-reuters","tag-rosneft","tag-russland","tag-sanktion","tag-schlagzeilen","tag-schoenefeld","tag-schwedt","tag-sprit","tag-ukraine","tag-washington"],"share_on_mastodon":{"url":"https:\/\/pubeurope.com\/@de\/116177500262356859","error":""},"_links":{"self":[{"href":"https:\/\/www.europesays.com\/de\/wp-json\/wp\/v2\/posts\/845453","targetHints":{"allow":["GET"]}}],"collection":[{"href":"https:\/\/www.europesays.com\/de\/wp-json\/wp\/v2\/posts"}],"about":[{"href":"https:\/\/www.europesays.com\/de\/wp-json\/wp\/v2\/types\/post"}],"author":[{"embeddable":true,"href":"https:\/\/www.europesays.com\/de\/wp-json\/wp\/v2\/users\/2"}],"replies":[{"embeddable":true,"href":"https:\/\/www.europesays.com\/de\/wp-json\/wp\/v2\/comments?post=845453"}],"version-history":[{"count":0,"href":"https:\/\/www.europesays.com\/de\/wp-json\/wp\/v2\/posts\/845453\/revisions"}],"wp:featuredmedia":[{"embeddable":true,"href":"https:\/\/www.europesays.com\/de\/wp-json\/wp\/v2\/media\/845454"}],"wp:attachment":[{"href":"https:\/\/www.europesays.com\/de\/wp-json\/wp\/v2\/media?parent=845453"}],"wp:term":[{"taxonomy":"category","embeddable":true,"href":"https:\/\/www.europesays.com\/de\/wp-json\/wp\/v2\/categories?post=845453"},{"taxonomy":"post_tag","embeddable":true,"href":"https:\/\/www.europesays.com\/de\/wp-json\/wp\/v2\/tags?post=845453"}],"curies":[{"name":"wp","href":"https:\/\/api.w.org\/{rel}","templated":true}]}}