{"id":845536,"date":"2026-03-05T17:08:17","date_gmt":"2026-03-05T17:08:17","guid":{"rendered":"https:\/\/www.europesays.com\/de\/845536\/"},"modified":"2026-03-05T17:08:17","modified_gmt":"2026-03-05T17:08:17","slug":"kroesche-kritisiert-nachwuchsarbeit-bilden-einfach-zu-schlecht-aus","status":"publish","type":"post","link":"https:\/\/www.europesays.com\/de\/845536\/","title":{"rendered":"Kr\u00f6sche kritisiert Nachwuchsarbeit: \u201eBilden einfach zu schlecht aus\u201c"},"content":{"rendered":"<p>Klose lobt Pl\u00e4ne f\u00fcr U21-Liga\u00a0<\/p>\n<p>                                    <img decoding=\"async\" src=\"https:\/\/www.europesays.com\/de\/wp-content\/uploads\/2026\/03\/markus-krosche-eintracht-frankfurt-2025-1770803260-189416.jpg\" title=\"Kr\u00f6sche kritisiert Nachwuchsarbeit: \u201eBilden einfach zu schlecht aus\u201c\" alt=\"Kr\u00f6sche kritisiert Nachwuchsarbeit: \u201eBilden einfach zu schlecht aus\u201c\"\/><\/p>\n<p>\n                                       \u00a9IMAGO\n                                    <\/p>\n<p><a title=\"Eintracht Frankfurt\" href=\"https:\/\/www.transfermarkt.de\/eintracht-frankfurt\/startseite\/verein\/24\" target=\"_blank\" rel=\"nofollow noopener\">Eintracht Frankfurts<\/a> Sportvorstand <a title=\"Markus Kr\u00f6sche\" href=\"https:\/\/www.transfermarkt.de\/markus-kr-sche\/profil\/trainer\/34524\" target=\"_blank\" rel=\"nofollow noopener\">Markus Kr\u00f6sche<\/a> hat die Nachwuchs-Ausbildung im deutschen Fu\u00dfball und die Folgen daraus angeprangert. \u201eDie <a title=\"Deutschland\" href=\"https:\/\/www.transfermarkt.de\/deutschland\/startseite\/verein\/3262\" target=\"_blank\" rel=\"nofollow noopener\">Nationalmannschaft<\/a> ist eigentlich in gewissen Bereichen nicht mehr wettbewerbsf\u00e4hig gegen\u00fcber gro\u00dfen Nationen\u201c, sagte der 45-J\u00e4hrige laut \u201eBild\u201c beim Fr\u00fchjahrsempfang des hessischen Bundesligisten.<\/p>\n<p><a href=\"https:\/\/www.transfermarkt.de\/dfb-und-dfb-teams\/detail\/forum\/52\" target=\"_blank\" rel=\"nofollow noopener\"><br \/>\n    <img loading=\"lazy\" decoding=\"async\" class=\"innews\" src=\"https:\/\/www.europesays.com\/de\/wp-content\/uploads\/2025\/06\/banner-vereinsforen-2024-25-dfb-deutschland-1725381949-147151.jpg\" alt=\"Jetzt im Forum \u00fcber den DFB diskutieren.\" width=\"503\" height=\"148\"\/><\/p>\n<p><\/a><\/p>\n<p>\nKr\u00f6sche \u00fcber Nachwuchstrainer: Zu viel Fokus auf eigene Entwicklung<\/p>\n<p>\u201eAm Ende muss man ehrlicherweise sagen: Wir bilden einfach zu schlecht aus\u201c, so Kr\u00f6sche weiter und erkl\u00e4rte: \u201eWeil der Fokus der Trainer immer darauf ist, sich selbst zu entwickeln, irgendwie in die Bundesliga zu kommen. Dann stehen die Ergebnisse nat\u00fcrlich im Fokus, womit die individuelle Entwicklung von Spielern oft auf der Strecke bleibt.\u201c Den Wendepunkt zum Negativen sieht er nach dem gr\u00f6\u00dften Triumph der j\u00fcngeren Vergangenheit: dem WM-Triumph 2014 in Rio de Janeiro. \u201eIch glaube, dass wir seit diesem Moment so ein bisschen den Weg verlassen haben. Dass wir uns auf diesem Erfolg ausgeruht haben. Wenn du erfolgreich bist, dann machst du meistens die gr\u00f6\u00dften Fehler.\u201c<\/p>\n<p><\/p>\n<p>Kr\u00f6sche forderte, den Fokus wieder darauf zu legen, junge Spieler zu entwickeln und daf\u00fcr das Ergebnis im Nachwuchs vielleicht nicht in den Vordergrund zu stellen. \u201eWeil wir es einfach die letzten Jahre viel zu schlecht gemacht haben, gerade auch im Verh\u00e4ltnis zu anderen Nationen. Deswegen hinken wir hinterher\u201c, sagte der Manager. <a href=\"https:\/\/www.transfermarkt.de\/ohne-gegenstimme-dfl-fuhrt-u21-liga-ein-so-soll-der-zusatzliche-wettbewerb-ablaufen\/view\/news\/476157\" target=\"_blank\" rel=\"nofollow noopener\">Die DFL beschloss in dieser Woche die Einf\u00fchrung einer U21-Liga f\u00fcr die Klubs der Bundesliga und 2. Bundesliga ab der kommenden Saison<\/a>. Damit soll die Talentf\u00f6rderung im deutschen Fu\u00dfball weiter professionalisiert werden.<\/p>\n<p>N\u00fcrnberg-Trainer Klose lobt Pl\u00e4ne f\u00fcr U21-Liga<\/p>\n<p>Der einstige Weltklasse-St\u00fcrmer und heutige N\u00fcrnberg-Trainer <a title=\"Miroslav Klose\" href=\"https:\/\/www.transfermarkt.de\/miroslav-klose\/profil\/trainer\/49850\" target=\"_blank\" rel=\"nofollow noopener\">Miroslav Klose<\/a> hat die Pl\u00e4ne f\u00fcr die Gr\u00fcndung einer U21-Liga derweil begr\u00fc\u00dft. \u201eIch finde die Idee richtig gut\u201c, sagte der 47-J\u00e4hrige. \u201eAls ich das erste Mal davon geh\u00f6rt habe, war ich sofort begeistert.\u201c<\/p>\n<p><\/p>\n<p>\u201eWir suchen immer nach Minuten und Spielzeit f\u00fcr junge Spieler\u201c, schilderte Klose. \u201eDeswegen ist die Liga richtig gut, konkurrenzf\u00e4hig, dass man mehrere Jahrg\u00e4nge spielen lassen kann. Die Jungs brauchen Minuten und Spiele, um sich zu verbessern. Das ist viel, viel besser als Trainingseinheiten, Individualtraining und die ganzen Sachen. Spiele sind absolut entscheidend.\u201c Klose hatte selbst 2018 beim FC Bayern M\u00fcnchen als Coach der U17 begonnen.<\/p>\n<p><\/p>\n","protected":false},"excerpt":{"rendered":"Klose lobt Pl\u00e4ne f\u00fcr U21-Liga\u00a0 \u00a9IMAGO Eintracht Frankfurts Sportvorstand Markus Kr\u00f6sche hat die Nachwuchs-Ausbildung im deutschen Fu\u00dfball und&hellip;\n","protected":false},"author":2,"featured_media":845537,"comment_status":"","ping_status":"","sticky":false,"template":"","format":"standard","meta":{"footnotes":"","_share_on_mastodon":"0"},"categories":[136],"tags":[299,29,460,30,2602,98979,265,7109],"class_list":["post-845536","post","type-post","status-publish","format-standard","has-post-thumbnail","category-sport","tag-bundesliga","tag-deutschland","tag-eintracht-frankfurt","tag-germany","tag-julian-nagelsmann","tag-markus-kroesche","tag-sport","tag-weltmeisterschaft"],"share_on_mastodon":{"url":"https:\/\/pubeurope.com\/@de\/116177673706226915","error":""},"_links":{"self":[{"href":"https:\/\/www.europesays.com\/de\/wp-json\/wp\/v2\/posts\/845536","targetHints":{"allow":["GET"]}}],"collection":[{"href":"https:\/\/www.europesays.com\/de\/wp-json\/wp\/v2\/posts"}],"about":[{"href":"https:\/\/www.europesays.com\/de\/wp-json\/wp\/v2\/types\/post"}],"author":[{"embeddable":true,"href":"https:\/\/www.europesays.com\/de\/wp-json\/wp\/v2\/users\/2"}],"replies":[{"embeddable":true,"href":"https:\/\/www.europesays.com\/de\/wp-json\/wp\/v2\/comments?post=845536"}],"version-history":[{"count":0,"href":"https:\/\/www.europesays.com\/de\/wp-json\/wp\/v2\/posts\/845536\/revisions"}],"wp:featuredmedia":[{"embeddable":true,"href":"https:\/\/www.europesays.com\/de\/wp-json\/wp\/v2\/media\/845537"}],"wp:attachment":[{"href":"https:\/\/www.europesays.com\/de\/wp-json\/wp\/v2\/media?parent=845536"}],"wp:term":[{"taxonomy":"category","embeddable":true,"href":"https:\/\/www.europesays.com\/de\/wp-json\/wp\/v2\/categories?post=845536"},{"taxonomy":"post_tag","embeddable":true,"href":"https:\/\/www.europesays.com\/de\/wp-json\/wp\/v2\/tags?post=845536"}],"curies":[{"name":"wp","href":"https:\/\/api.w.org\/{rel}","templated":true}]}}