{"id":845563,"date":"2026-03-05T17:22:19","date_gmt":"2026-03-05T17:22:19","guid":{"rendered":"https:\/\/www.europesays.com\/de\/845563\/"},"modified":"2026-03-05T17:22:19","modified_gmt":"2026-03-05T17:22:19","slug":"berufsorientierung-kompakt-workshop-im-heimathafen","status":"publish","type":"post","link":"https:\/\/www.europesays.com\/de\/845563\/","title":{"rendered":"Berufsorientierung kompakt: Workshop im Heimathafen"},"content":{"rendered":"<p><strong>Ein Workshop in den Osterferien hilft Jugendlichen, ihre St\u00e4rken zu entdecken und Wege in Ausbildung oder Studium zu entwickeln.<\/strong><\/p>\n<p>Was kommt nach der Schule? F\u00fcr viele Jugendliche beginnt diese Frage lange vor dem Abschluss. Ausbildung, Studium oder doch ein anderer Weg \u2013 die M\u00f6glichkeiten sind vielf\u00e4ltig, die Entscheidungen nicht immer leicht. Die Landeshauptstadt Wiesbaden nutzt deshalb die <strong>Osterferien<\/strong>, um jungen Menschen eine Orientierungshilfe anzubieten.<\/p>\n<p>Das st\u00e4dtische <strong>Referat f\u00fcr Wirtschaft und Besch\u00e4ftigung<\/strong> l\u00e4dt Jugendliche ab 16 Jahren zu einem kostenlosen Workshop zur <strong>Berufsorientierung<\/strong> ein. Die eint\u00e4gigen Veranstaltungen finden am Mittwoch, 8. April, sowie am Donnerstag, 9. April, jeweils von 9 bis 16 Uhr im Heimathafen Wiesbaden in der Gerichtsstra\u00dfe statt.<\/p>\n<p>St\u00e4rken erkennen, Perspektiven entwickeln<\/p>\n<p>Im Mittelpunkt des Workshops steht die pers\u00f6nliche Standortbestimmung. Unter Anleitung eines erfahrenen Coaches analysieren die Teilnehmenden ihre Interessen, F\u00e4higkeiten und St\u00e4rken. Daraus entsteht ein individuelles Profil, das m\u00f6gliche berufliche Wege sichtbar macht.<\/p>\n<p>Die Jugendlichen diskutieren anschlie\u00dfend, welche Berufsfelder zu ihren Interessen passen und welche Schritte zum Einstieg f\u00fchren k\u00f6nnen. Dabei geht es sowohl um klassische Ausbildungswege als auch um Studienm\u00f6glichkeiten.<\/p>\n<p><strong>Der Workshop setzt bewusst auf Austausch in kleiner Gruppe<\/strong>. Gespr\u00e4che, \u00dcbungen und gemeinsame Reflexion schaffen Raum f\u00fcr neue Ideen. Die Teilnehmenden lernen voneinander, stellen Fragen und entwickeln Perspektiven f\u00fcr ihren weiteren Bildungsweg.<\/p>\n<p>Orientierung f\u00fcr Sch\u00fcler und Studienzweifelnde<\/p>\n<p><strong>Das Angebot richtet sich schul\u00fcbergreifend an Jugendliche ab 16 Jahren<\/strong>. Auch junge Menschen, die ihr Studium hinterfragen und neue Wege pr\u00fcfen m\u00f6chten, k\u00f6nnen teilnehmen.<\/p>\n<p>\u201eViele Jugendliche stehen vor der Frage, wie es nach der Schule weitergeht\u201c, erkl\u00e4rt B\u00fcrgermeisterin <strong>Christiane Hinninger.<\/strong> Der Workshop solle helfen, Klarheit \u00fcber berufliche Perspektiven zu gewinnen und den n\u00e4chsten Schritt bewusst zu planen. Gleichzeitig st\u00e4rke das Angebot die Nachwuchs- und Fachkr\u00e4ftesicherung in der Region.<\/p>\n<p>Kostenfrei, aber begrenzte Pl\u00e4tze<\/p>\n<p>Die Teilnahme ist kostenlos. <strong>Voraussetzung ist lediglich ein internetf\u00e4higes Endger\u00e4t wie Laptop oder Tablet<\/strong>, da Teile des Workshops digital unterst\u00fctzt werden.<\/p>\n<p>Die Teilnehmerzahl bleibt bewusst begrenzt, um intensiven Austausch zu erm\u00f6glichen. Interessierte k\u00f6nnen sich bis Montag, 30. M\u00e4rz, \u00fcber das Online-Formular auf der Website der Stadt Wiesbaden anmelden oder per E-Mail an <strong><a>wiworklife@wiesbaden.de<\/a><\/strong>.<\/p>\n<p>Der Workshop ist Teil der Fachkr\u00e4fteinitiative <strong>\u201eWI WORK LIFE | Industrie\u201c<\/strong>, mit der die Stadt junge Menschen fr\u00fchzeitig f\u00fcr berufliche Perspektiven in der Region gewinnen m\u00f6chte.<\/p>\n<p>Symbolfoto @2026 AI \/ Wiesbaden lebt!<\/p>\n<p>Weitere Nachrichten aus dem\u00a0<strong>Ortsbezirk Mitte<\/strong>\u00a0<a href=\"https:\/\/wiesbaden-lebt.de\/tag\/mitte\" rel=\"nofollow noopener\" target=\"_blank\">lesen Sie hier.<\/a><\/p>\n<p>Mehr vom <strong><a href=\"https:\/\/heimathafen-wiesbaden.de\/\" target=\"_blank\" rel=\"noreferrer noopener nofollow\">heimathafen<\/a><\/strong>.<\/p>\n<p><img loading=\"lazy\" decoding=\"async\" id=\"metis-img-pixel\" src=\"https:\/\/www.europesays.com\/de\/wp-content\/uploads\/2026\/03\/632270de74e84d77b4beda09f2b901d2.gif\" width=\"1\" height=\"1\" alt=\"\"\/>\t\t\t\t\t\t<\/p>\n","protected":false},"excerpt":{"rendered":"Ein Workshop in den Osterferien hilft Jugendlichen, ihre St\u00e4rken zu entdecken und Wege in Ausbildung oder Studium zu&hellip;\n","protected":false},"author":2,"featured_media":845564,"comment_status":"","ping_status":"","sticky":false,"template":"","format":"standard","meta":{"footnotes":"","_share_on_mastodon":"0"},"categories":[1847],"tags":[36716,3364,29,548,663,3934,30,13,2052,525,14,15,2453,188321,12,4544,188322],"class_list":["post-845563","post","type-post","status-publish","format-standard","has-post-thumbnail","category-wiesbaden","tag-berufsorientierung","tag-de","tag-deutschland","tag-eu","tag-europa","tag-europe","tag-germany","tag-headlines","tag-hessen","tag-mitte","tag-nachrichten","tag-news","tag-osterferien","tag-referat-fuer-wirtschaft-und-beschaeftigung","tag-schlagzeilen","tag-wiesbaden","tag-workshopp"],"share_on_mastodon":{"url":"https:\/\/pubeurope.com\/@de\/116177728492261887","error":""},"_links":{"self":[{"href":"https:\/\/www.europesays.com\/de\/wp-json\/wp\/v2\/posts\/845563","targetHints":{"allow":["GET"]}}],"collection":[{"href":"https:\/\/www.europesays.com\/de\/wp-json\/wp\/v2\/posts"}],"about":[{"href":"https:\/\/www.europesays.com\/de\/wp-json\/wp\/v2\/types\/post"}],"author":[{"embeddable":true,"href":"https:\/\/www.europesays.com\/de\/wp-json\/wp\/v2\/users\/2"}],"replies":[{"embeddable":true,"href":"https:\/\/www.europesays.com\/de\/wp-json\/wp\/v2\/comments?post=845563"}],"version-history":[{"count":0,"href":"https:\/\/www.europesays.com\/de\/wp-json\/wp\/v2\/posts\/845563\/revisions"}],"wp:featuredmedia":[{"embeddable":true,"href":"https:\/\/www.europesays.com\/de\/wp-json\/wp\/v2\/media\/845564"}],"wp:attachment":[{"href":"https:\/\/www.europesays.com\/de\/wp-json\/wp\/v2\/media?parent=845563"}],"wp:term":[{"taxonomy":"category","embeddable":true,"href":"https:\/\/www.europesays.com\/de\/wp-json\/wp\/v2\/categories?post=845563"},{"taxonomy":"post_tag","embeddable":true,"href":"https:\/\/www.europesays.com\/de\/wp-json\/wp\/v2\/tags?post=845563"}],"curies":[{"name":"wp","href":"https:\/\/api.w.org\/{rel}","templated":true}]}}