{"id":845846,"date":"2026-03-05T19:55:25","date_gmt":"2026-03-05T19:55:25","guid":{"rendered":"https:\/\/www.europesays.com\/de\/845846\/"},"modified":"2026-03-05T19:55:25","modified_gmt":"2026-03-05T19:55:25","slug":"handball-bundesliga-krautmeyer-beerbt-seidler-als-trainer-von-halle-neustadt","status":"publish","type":"post","link":"https:\/\/www.europesays.com\/de\/845846\/","title":{"rendered":"Handball-Bundesliga: Krautmeyer beerbt Seidler als Trainer von Halle-Neustadt"},"content":{"rendered":"<p>            <img loading=\"lazy\" decoding=\"async\" class=\"ts-image\" src=\"https:\/\/www.europesays.com\/de\/wp-content\/uploads\/2026\/03\/mdr-trainer-pether-krautmeyer-100.jpg\" alt=\"Trainer Pether Krautmeyer\" title=\"Trainer Pether Krautmeyer | IMAGO\/Bildbyran\"\/><\/p>\n<p class=\"metatextline\">Stand: 05.03.2026 \u2022 14:45 Uhr<\/p>\n<p class=\"article-head__shorttext\">\n        <strong><strong>Nachdem Trainerin Ines Seidler ihren Abschied zum Saisonende verk\u00fcndet hatte, ist Union Halle-Neustadt bei der Nachfolgersuche in Schweden f\u00fcndig geworden. Pether Krautmeyer \u00fcbernimmt ab Sommer das Zepter bei den Wildcats.<\/strong><\/strong>\n    <\/p>\n<p class=\"textabsatz m-ten m-offset-one l-eight l-offset-two columns twelve\">Pether Krautmeyer wird der neue Cheftrainer von Union Halle-Neustadt. Das hat der Handball-Bundesligist am Mittwochabend (4. M\u00e4rz) offiziell bekanntgegeben. Der 57-J\u00e4hrige beerbt zur kommenden Saison 2026\/27 Ines Seidler, deren schon l\u00e4nger geplanter Abschied vor wenigen Tagen auch offiziell verk\u00fcndet worden war. Die Aufstiegstrainerin wolle &#8222;nach dieser Spielzeit k\u00fcrzertreten&#8220;, hie\u00df es.<\/p>\n<ul class=\"buttongroup buttongroup--copytext\">\n<li class=\"buttongroup__item\">\n<p>    <a class=\"btn btn--text btn--standard-secondary btn--fullwidth\" href=\"https:\/\/www.mdr.de\/sport\/ergebnisse\/handball-bundesliga-frauen-108.html\" rel=\"nofollow noopener\" target=\"_blank\"><br \/>\n        Ergebnisse &amp; Tabelle: HBF, Saison 2025\/26<\/p>\n<p>  Pfeil rechts<\/p>\n<p>    <\/a>\n<\/li>\n<\/ul>\n<p>    Krautmeyer unterschreibt bis 2028<\/p>\n<p class=\"textabsatz m-ten m-offset-one l-eight l-offset-two columns twelve\">Krautmeyer erh\u00e4lt in der Saalestadt einen bis 2028 g\u00fcltigen Zweijahresvertrag und hatte sich bereits zu Wochenbeginn seiner neuen Mannschaft vorgestellt. &#8222;Meine Version des Handballs ist sehr klar in dem Punkt, dass es die Qualit\u00e4ten der Spielerinnen sind, die bestimmen, wie der Spielstil gestaltet wird. Ich freue mich sehr auf die Aufgabe in Halle und darauf, gemeinsam mit dem Team und dem Verein den n\u00e4chsten Entwicklungsschritt zu gehen&#8220;, lie\u00df Krautmeyer mitteilen.<\/p>\n<p class=\"absatzbild__info__text\">\n                        Aufstiegstrainerin Ines Seidler will ihr Werk bei den Wildcats mit dem Bundesliga-Klassenerhalt noch vollenden.\n                    <\/p>\n<p class=\"textabsatz m-ten m-offset-one l-eight l-offset-two columns twelve\">Wildcats-Vizepr\u00e4sident Thomas Wagner lobte: &#8222;Mit Pether Krautmeyer konnten wir einen Trainer gewinnen, der \u00fcber enorme internationale Erfahrung verf\u00fcgt und in seiner bisherigen Laufbahn gezeigt hat, dass er Teams entwickeln und Spielerinnen auf ein h\u00f6heres Leistungsniveau f\u00fchren kann. Besonders \u00fcberzeugt hat uns seine klare Spielphilosophie und seine F\u00e4higkeit, sowohl sportliche Qualit\u00e4t als auch menschliche Werte miteinander zu verbinden.&#8220;<\/p>\n<p>    Halle-Neustadt k\u00e4mpft um direkten Klassenerhalt<\/p>\n<p class=\"textabsatz m-ten m-offset-one l-eight l-offset-two columns twelve\">Krautmeyer arbeitete zuletzt als Co-Trainer der US-amerikanischen Frauen-Nationalmannschaft und bei Skara HF in seiner schwedischen Heimat. Zuvor verantwortete er das Team des polnischen Erstligisten MKS Kalisz. Seine erfolgreichste Zeit hatte Krautmeyer bei TTH Holstebro in D\u00e4nemark. Dar\u00fcber hinaus war er in der zweiten H\u00e4lfte der 2010er Jahre auch im Trainerstab der d\u00e4nischen Nationalmannschaft.<\/p>\n<p class=\"textabsatz m-ten m-offset-one l-eight l-offset-two columns twelve\">Bundesliga-R\u00fcckkehrer Halle-Neustadt k\u00e4mpft derzeit um den direkten Klassenerhalt. Die Sachsen-Anhalterinnen haben aktuell als Tabellen-Zehnter einen Punkt Vorsprung auf Sachsen Zwickau. Rang elf am Saisonende w\u00fcrde die Relegation gegen den Zweiten der 2. Bundesliga bedeuten.<\/p>\n<p class=\"textabsatz m-ten m-offset-one l-eight l-offset-two columns twelve\">SpiO\/pm<\/p>\n<p>                                        <a class=\"backlink__link\" href=\"https:\/\/www.mdr.de\/sport\/handball\/union-halle-neustadt-pether-krautmeyer-wird-neuer-trainer-100.html\" rel=\"nofollow noopener\" target=\"_blank\"><\/p>\n<p>                                                <img decoding=\"async\" src=\"https:\/\/images.sportschau.de\/image\/3b6f5760-8e5b-474f-ab60-9f42d5eba8e2\/AAABlap_eyE\/AAABmyZDc0k\/original\/lra-mdr-logo-100.svg\" alt=\"Mitteldeutscher Rundfunk\"\/><\/p>\n<p>                                        <\/a><\/p>\n","protected":false},"excerpt":{"rendered":"Stand: 05.03.2026 \u2022 14:45 Uhr Nachdem Trainerin Ines Seidler ihren Abschied zum Saisonende verk\u00fcndet hatte, ist Union Halle-Neustadt&hellip;\n","protected":false},"author":2,"featured_media":845847,"comment_status":"","ping_status":"","sticky":false,"template":"","format":"standard","meta":{"footnotes":"","_share_on_mastodon":"0"},"categories":[1860],"tags":[299,3364,29,548,663,3934,30,4062,17332,1391,10270,13,81,14,15,17331,860,12,101178,28865],"class_list":["post-845846","post","type-post","status-publish","format-standard","has-post-thumbnail","category-halle-saale","tag-bundesliga","tag-de","tag-deutschland","tag-eu","tag-europa","tag-europe","tag-germany","tag-halle","tag-halle-saale","tag-handball","tag-hbf","tag-headlines","tag-mdr","tag-nachrichten","tag-news","tag-saale","tag-sachsen-anhalt","tag-schlagzeilen","tag-union-halle-neustadt","tag-wildcats"],"share_on_mastodon":{"url":"https:\/\/pubeurope.com\/@de\/116178329646375796","error":""},"_links":{"self":[{"href":"https:\/\/www.europesays.com\/de\/wp-json\/wp\/v2\/posts\/845846","targetHints":{"allow":["GET"]}}],"collection":[{"href":"https:\/\/www.europesays.com\/de\/wp-json\/wp\/v2\/posts"}],"about":[{"href":"https:\/\/www.europesays.com\/de\/wp-json\/wp\/v2\/types\/post"}],"author":[{"embeddable":true,"href":"https:\/\/www.europesays.com\/de\/wp-json\/wp\/v2\/users\/2"}],"replies":[{"embeddable":true,"href":"https:\/\/www.europesays.com\/de\/wp-json\/wp\/v2\/comments?post=845846"}],"version-history":[{"count":0,"href":"https:\/\/www.europesays.com\/de\/wp-json\/wp\/v2\/posts\/845846\/revisions"}],"wp:featuredmedia":[{"embeddable":true,"href":"https:\/\/www.europesays.com\/de\/wp-json\/wp\/v2\/media\/845847"}],"wp:attachment":[{"href":"https:\/\/www.europesays.com\/de\/wp-json\/wp\/v2\/media?parent=845846"}],"wp:term":[{"taxonomy":"category","embeddable":true,"href":"https:\/\/www.europesays.com\/de\/wp-json\/wp\/v2\/categories?post=845846"},{"taxonomy":"post_tag","embeddable":true,"href":"https:\/\/www.europesays.com\/de\/wp-json\/wp\/v2\/tags?post=845846"}],"curies":[{"name":"wp","href":"https:\/\/api.w.org\/{rel}","templated":true}]}}