{"id":846008,"date":"2026-03-05T21:24:20","date_gmt":"2026-03-05T21:24:20","guid":{"rendered":"https:\/\/www.europesays.com\/de\/846008\/"},"modified":"2026-03-05T21:24:20","modified_gmt":"2026-03-05T21:24:20","slug":"traeume-und-momente-studioausstellung-der-kuenstlerin-elisaveta-braslavskaja-in-der-kunsthalle-mannheim","status":"publish","type":"post","link":"https:\/\/www.europesays.com\/de\/846008\/","title":{"rendered":"Tr\u00e4ume und Momente: Studioausstellung der K\u00fcnstlerin Elisaveta Braslavskaja in der Kunsthalle &#8211; Mannheim"},"content":{"rendered":"<p class=\"rhp-dpa-teaser\"><b>\u201eBirnentropfen\u201c hei\u00dft die neue Studio-Ausstellung in der Mannheimer Kunsthalle. Die hessische K\u00fcnstlerin Elisaveta Braslavskaja l\u00e4dt zum Platz nehmen auf einem Diwan ein.<\/b><\/p>\n<p>Ausdr\u00fccklich \u201eDiwan\u201c, nennt die 28-j\u00e4hrige Frankfurterin das M\u00f6bel- und Kunstst\u00fcck, das mitten im Raum steht, nicht Couch oder Sofa. Weil \u201eDiwan\u201c mehr bedeutet, als eine blo\u00dfe Sitzgelegenheit. \u201eDiwan\u201c steht auch f\u00fcr eine Gedichtsammlung in der Literatur der islamischen<\/p>\n<p class=\"rhp-teaser\"><b>\u201eBirnentropfen\u201c hei\u00dft die neue Studio-Ausstellung in der Mannheimer Kunsthalle. Die hessische K\u00fcnstlerin Elisaveta Braslavskaja l\u00e4dt zum Platz nehmen auf einem Diwan ein.<\/b><\/p>\n","protected":false},"excerpt":{"rendered":"\u201eBirnentropfen\u201c hei\u00dft die neue Studio-Ausstellung in der Mannheimer Kunsthalle. Die hessische K\u00fcnstlerin Elisaveta Braslavskaja l\u00e4dt zum Platz nehmen&hellip;\n","protected":false},"author":2,"featured_media":846009,"comment_status":"","ping_status":"","sticky":false,"template":"","format":"standard","meta":{"footnotes":"","_share_on_mastodon":"0"},"categories":[1845],"tags":[1634,188415,3364,29,548,663,3934,30,6714,13,149386,4060,2096,14,15,12,3643],"class_list":["post-846008","post","type-post","status-publish","format-standard","has-post-thumbnail","category-mannheim","tag-baden-wuerttemberg","tag-braslavskaja","tag-de","tag-deutschland","tag-eu","tag-europa","tag-europe","tag-germany","tag-goethe","tag-headlines","tag-kunsthalle-mannheim","tag-lokal","tag-mannheim","tag-nachrichten","tag-news","tag-schlagzeilen","tag-west"],"share_on_mastodon":{"url":"https:\/\/pubeurope.com\/@de\/116178679599079011","error":""},"_links":{"self":[{"href":"https:\/\/www.europesays.com\/de\/wp-json\/wp\/v2\/posts\/846008","targetHints":{"allow":["GET"]}}],"collection":[{"href":"https:\/\/www.europesays.com\/de\/wp-json\/wp\/v2\/posts"}],"about":[{"href":"https:\/\/www.europesays.com\/de\/wp-json\/wp\/v2\/types\/post"}],"author":[{"embeddable":true,"href":"https:\/\/www.europesays.com\/de\/wp-json\/wp\/v2\/users\/2"}],"replies":[{"embeddable":true,"href":"https:\/\/www.europesays.com\/de\/wp-json\/wp\/v2\/comments?post=846008"}],"version-history":[{"count":0,"href":"https:\/\/www.europesays.com\/de\/wp-json\/wp\/v2\/posts\/846008\/revisions"}],"wp:featuredmedia":[{"embeddable":true,"href":"https:\/\/www.europesays.com\/de\/wp-json\/wp\/v2\/media\/846009"}],"wp:attachment":[{"href":"https:\/\/www.europesays.com\/de\/wp-json\/wp\/v2\/media?parent=846008"}],"wp:term":[{"taxonomy":"category","embeddable":true,"href":"https:\/\/www.europesays.com\/de\/wp-json\/wp\/v2\/categories?post=846008"},{"taxonomy":"post_tag","embeddable":true,"href":"https:\/\/www.europesays.com\/de\/wp-json\/wp\/v2\/tags?post=846008"}],"curies":[{"name":"wp","href":"https:\/\/api.w.org\/{rel}","templated":true}]}}