{"id":846128,"date":"2026-03-05T22:38:15","date_gmt":"2026-03-05T22:38:15","guid":{"rendered":"https:\/\/www.europesays.com\/de\/846128\/"},"modified":"2026-03-05T22:38:15","modified_gmt":"2026-03-05T22:38:15","slug":"kristi-noem-donald-trump-entlaesst-heimatschutzministerin-maga-krieger-uebernimmt","status":"publish","type":"post","link":"https:\/\/www.europesays.com\/de\/846128\/","title":{"rendered":"Kristi Noem: Donald Trump entl\u00e4sst Heimatschutzministerin \u2013 \u201eMAGA-Krieger\u201c \u00fcbernimmt"},"content":{"rendered":"<p>US-Heimatschutzministerin Kristi Noem galt als loyale Unterst\u00fctzerin von Trump, zuletzt jedoch k\u00fchlte das Verh\u00e4ltnis zwischen beiden ab. Nun hat der US-Pr\u00e4sident sie abgesetzt. Der Neue soll \u201eeinen spektakul\u00e4ren Heimatschutzminister\u201c abgeben.<\/p>\n<p class=\"is-first-paragraph\" data-external=\"Article.FirstParagraph\">US-Pr\u00e4sident Donald Trump hat seine umstrittene US-Pr\u00e4sident Donald Trump hat seine umstrittene Heimatschutzministerin Kristi Noem entlassen. <\/p>\n<p>Mit Wirkung zum 31. M\u00e4rz solle der Senator des Bundesstaates Oklahoma, Markwayne Mullin, das f\u00fcr Einwanderungs- und Grenzschutzbeh\u00f6rden zust\u00e4ndige Ressort f\u00fchren, teilte Trump <a class=\"is-link c-block-items__link is-external c-link--rich-text-renderer\" href=\"https:\/\/truthsocial.com\/@realDonaldTrump\/posts\/116178030946996760\" target=\"_blank\" title=\"(Link wird in einem neuen Tab ge\u00f6ffnet)\" rel=\"nofollow noopener\" data-internal-tracking-enabled=\"true\" data-internal-tracking=\"{&quot;action&quot;:&quot;click&quot;,&quot;label&quot;:&quot;link&quot;,&quot;name&quot;:&quot;Inline Element&quot;,&quot;data&quot;:{&quot;source&quot;:&quot;&quot;,&quot;target&quot;:&quot;https:\/\/truthsocial.com\/@realDonaldTrump\/posts\/116178030946996760&quot;,&quot;trackingName&quot;:&quot;&quot;,&quot;trackingLabel&quot;:&quot;&quot;}}\">auf Truth Social<\/a> mit. <\/p>\n<p>Noem ist damit die erste Ministerin aus der aktuellen US-Regierung, die ihren Hut nehmen muss. Sie soll nun den Posten der Sondergesandten f\u00fcr den \u201eSchild Amerikas\u201c, einer neuen Sicherheitsinitiative f\u00fcr die westliche Hemisph\u00e4re, \u00fcbernehmen. Trump dankte Noem f\u00fcr ihren Einsatz. Mit westlicher Hemisph\u00e4re ist zumeist der Doppelkontinent Amerika gemeint.<\/p>\n<p>Noem war zuvor Gouverneurin von South Dakota und hatte sich vor allem als \u00fcberzeugte Unterst\u00fctzerin des Republikaners einen Namen gemacht. Noch vor ihrer Ernennung zur Ministerin bezeichnete sie die Situation an der S\u00fcdgrenze der USA zu Mexiko als \u201eKriegsgebiet\u201c.<\/p>\n<p>Noem erschoss ihren eigenen Hund<\/p>\n<p>Zeitweise im Gespr\u00e4ch als Trumps Vize, bescherten ihre Memoiren ihr negative Schlagzeilen: Darin beschrieb Noem, wie sie ihre junge H\u00fcndin Cricket erschoss, weil diese sich nicht zum Jagdhund eignete. Sp\u00e4ter erkl\u00e4rte sie, dies zeige ihre Bereitschaft zu harten Entscheidungen.<\/p>\n<p>Bei einer Senatsanh\u00f6rung war die 54-J\u00e4hrige zuletzt ins Kreuzverh\u00f6r zu Todesf\u00e4llen bei brutalen Eins\u00e4tzen der Einwanderungs- und Grenzschutzbeh\u00f6rden (ICE) gegen Migranten und zu den Taktiken ihres Ministeriums genommen worden. Die teils rabiaten Eins\u00e4tze hatten zu landesweiten Protesten gef\u00fchrt. Kritiker werfen der Regierung unter Noem vor, dabei B\u00fcrgerrechte zu verletzen. <\/p>\n<p>Noch Ende Januar hatte sich Trump demonstrativ dazu hinter Noem gestellt. \u201eIch denke, dass sie sehr gute Arbeit geleistet hat\u201c, sagte er nach den t\u00f6dlichen Sch\u00fcssen von Bundesbeamten auf zwei US-B\u00fcrger bei Zusammenst\u00f6\u00dfen mit Anwohnern. In der Folge entbrannte ein Haushaltsstreit \u00fcber Kurs und Finanzierung der Einwanderungspolitik. W\u00e4hrend Republikaner teils noch sch\u00e4rfere Ma\u00dfnahmen fordern, kritisieren Demokraten die Ausweitung von Befugnissen und verlangen st\u00e4rkere parlamentarische Kontrolle und Transparenz im Gegenzug f\u00fcr Geldmittel. <\/p>\n<p>Millionenschwere Kampagne f\u00fchrte zu Kritik<\/p>\n<p>Noem hatte bei der Anh\u00f6rung wiederholt betont, die Ma\u00dfnahmen ihres Ministeriums dienten der nationalen Sicherheit und beruhten auf gesetzlicher Grundlage. Sie war au\u00dferdem gefragt worden, ob sie ihre fr\u00fcheren \u00c4u\u00dferungen revidieren wolle, wonach die get\u00f6teten US-B\u00fcrger als \u201eTerroristen im Inland\u201c zu betrachten seien. Die Beschreibung war im Nachhinein durch Videomaterial und lokale Berichte stark infrage gestellt worden. Noem erkl\u00e4rte, sie habe sich auf Berichte von Einsatzkr\u00e4ften vor Ort verlassen und weigerte sich ausdr\u00fccklich, ihre Aussagen zur\u00fcckzunehmen oder sich zu entschuldigen.<\/p>\n<p>Zum Verh\u00e4ngnis wurde Noem aber vor allem auch eine millionenschwere Werbekampagne zur Abschreckung illegaler Migration. Ein republikanischer Senator merkte an, die Kampagne w\u00e4re eher zur Selbstvermarktung als zur effektiven Durchsetzung genutzt worden. Noem behauptete daraufhin, das Budget daf\u00fcr sei von Trump abgesegnet worden &#8211; daraufhin sagte der Senator, das k\u00f6nne er sich nicht vorstellen, denn das bringe Trump in eine \u201e\u00e4u\u00dferst unangenehme Lage\u201c. Trump selbst sagte im Anschluss, er habe nicht zugestimmt. Insgesamt zeigte die Anh\u00f6rung, dass Sorgen \u00fcber Noems F\u00fchrungsverhalten mittlerweile partei\u00fcbergreifend sind.<\/p>\n<p>Zu ihrem Nachfolger schrieb Trump auf Truth Social, Mullin werde \u201eeinen spektakul\u00e4ren Heimatschutzminister abgeben\u201c. Der 48-J\u00e4hrige sei der einzige Senator indigener Herkunft und damit \u201eein hervorragender F\u00fcrsprecher f\u00fcr unsere gro\u00dfartigen Stammesgemeinschaften\u201c, schrieb Trump. <\/p>\n<p>Mullin sei \u201eein MAGA-Krieger und ehemaliger ungeschlagener professioneller MMA-K\u00e4mpfer\u201c, schrieb Trump weiter. MMA steht f\u00fcr Mixed-Martial-Arts (eine Kampfsportart), MAGA f\u00fcr \u201eMake America Great Again\u201c (dt. Macht Amerika wieder gro\u00dfartig).<\/p>\n<p>AFP\/rct\/doli<\/p>\n","protected":false},"excerpt":{"rendered":"US-Heimatschutzministerin Kristi Noem galt als loyale Unterst\u00fctzerin von Trump, zuletzt jedoch k\u00fchlte das Verh\u00e4ltnis zwischen beiden ab. Nun&hellip;\n","protected":false},"author":2,"featured_media":846129,"comment_status":"","ping_status":"","sticky":false,"template":"","format":"standard","meta":{"footnotes":"","_share_on_mastodon":"0"},"categories":[5],"tags":[114,13,113635,188428,14,15,110,62084,12,10,8,9,11,113],"class_list":["post-846128","post","type-post","status-publish","format-standard","has-post-thumbnail","category-nachrichten","tag-donald-geb-1946","tag-headlines","tag-heimatschutz-ks","tag-kristi","tag-nachrichten","tag-news","tag-newsteam","tag-noem","tag-schlagzeilen","tag-top-news","tag-top-meldungen","tag-topmeldungen","tag-topnews","tag-trump"],"share_on_mastodon":{"url":"https:\/\/pubeurope.com\/@de\/116178970606975287","error":""},"_links":{"self":[{"href":"https:\/\/www.europesays.com\/de\/wp-json\/wp\/v2\/posts\/846128","targetHints":{"allow":["GET"]}}],"collection":[{"href":"https:\/\/www.europesays.com\/de\/wp-json\/wp\/v2\/posts"}],"about":[{"href":"https:\/\/www.europesays.com\/de\/wp-json\/wp\/v2\/types\/post"}],"author":[{"embeddable":true,"href":"https:\/\/www.europesays.com\/de\/wp-json\/wp\/v2\/users\/2"}],"replies":[{"embeddable":true,"href":"https:\/\/www.europesays.com\/de\/wp-json\/wp\/v2\/comments?post=846128"}],"version-history":[{"count":0,"href":"https:\/\/www.europesays.com\/de\/wp-json\/wp\/v2\/posts\/846128\/revisions"}],"wp:featuredmedia":[{"embeddable":true,"href":"https:\/\/www.europesays.com\/de\/wp-json\/wp\/v2\/media\/846129"}],"wp:attachment":[{"href":"https:\/\/www.europesays.com\/de\/wp-json\/wp\/v2\/media?parent=846128"}],"wp:term":[{"taxonomy":"category","embeddable":true,"href":"https:\/\/www.europesays.com\/de\/wp-json\/wp\/v2\/categories?post=846128"},{"taxonomy":"post_tag","embeddable":true,"href":"https:\/\/www.europesays.com\/de\/wp-json\/wp\/v2\/tags?post=846128"}],"curies":[{"name":"wp","href":"https:\/\/api.w.org\/{rel}","templated":true}]}}