{"id":846158,"date":"2026-03-05T22:54:30","date_gmt":"2026-03-05T22:54:30","guid":{"rendered":"https:\/\/www.europesays.com\/de\/846158\/"},"modified":"2026-03-05T22:54:30","modified_gmt":"2026-03-05T22:54:30","slug":"kontiolahti-biathletin-fichtner-ueberraschend-weltcup-fuenfte","status":"publish","type":"post","link":"https:\/\/www.europesays.com\/de\/846158\/","title":{"rendered":"Kontiolahti | Biathletin Fichtner \u00fcberraschend Weltcup-F\u00fcnfte"},"content":{"rendered":"<p>Kontiolahti (dpa) &#8211; Zw\u00f6lf Tage nach den f\u00fcr die deutschen Biathletinnen medaillenlosen Olympischen Winterspielen hat Marlene Fichtner f\u00fcr eine \u00dcberraschung gesorgt. Die 22-J\u00e4hrige blieb im Einzel von Kontiolahti als nur eine von f\u00fcnf Skij\u00e4gerinnen fehlerfrei und holte mit Rang f\u00fcnf die bisher beste Weltcupplatzierung ihrer Laufbahn. Zu Recht zeigte Fichtner im Zielraum in Finnland die Faust und freute sich riesig. \u00abIch kann es gerade noch gar nicht fassen und bin jetzt sehr gl\u00fccklich, dass das so geklappt hat\u00bb, sagte Fichtner im ZDF.<\/p>\n<p>Im ersten Rennen nach dem R\u00fccktritt von Gesamtweltcupsiegerin Franziska Preu\u00df lag Janina Hettich-Walz bis zum letzten Schie\u00dfen auf einem Podestrang. Doch mit zwei Strafminuten vergab sie das dritte Podium ihrer Karriere, mit 20 Treffern w\u00e4re die 29-J\u00e4hrige Zweite geworden. So reichte es am Ende zu Platz neun. \u00abDas verfolgt mich schon das ganze Jahr, ich bekomme das zweite Stehendschie\u00dfen nicht hin. Langsam ist es eine Kopfsache\u00bb, sagte Hettich-Walz.<\/p>\n<p>Zwei Schwestern auf dem Podest<\/p>\n<p>Einen Doppelerfolg feierten die schwedischen Schwestern Elvira und Hanna \u00d6berg. Elvira \u00d6berg blieb ohne Fehlschuss und hatte nach 15 Kilometern 41,3 Sekunden Vorsprung auf Hanna, die eine Strafminute kassierte. Dritte wurde die Slowakin Paulina Batovska Fialkova (1 Fehler\/+ 45 Sekunden).<\/p>\n<p>Selina Grotian wurde nach drei Strafminuten 20., Vanessa Voigt (3 Fehler) kam auf Rang 25, Julia Tannheimer schoss viermal daneben und beendete das Rennen nach der f\u00fcnftbesten Laufzeit auf Rang 28. Anna Weidel war kurzfristig erkrankt ausgefallen.<\/p>\n<p>Die kleine Kristallkugel f\u00fcr die Einzel-Disziplinwertung sicherte sich die Franz\u00f6sin Lou Jeanmonnot. Die Gesamtweltcupf\u00fchrende hatte aber Gl\u00fcck, denn nach dem entt\u00e4uschenden 35. Rang rettete sie in der Wertung zwei Punkte vor der Schwedin Anna Magnusson, die das Rennen als Sechste beendet hatte.\u00a0<\/p>\n<p>Die M\u00e4nner starten am Freitag (17.10 Uhr\/ZDF und Eurosport) mit dem Einzel \u00fcber 20 Kilometer in das letzte Trimester.<\/p>\n","protected":false},"excerpt":{"rendered":"Kontiolahti (dpa) &#8211; Zw\u00f6lf Tage nach den f\u00fcr die deutschen Biathletinnen medaillenlosen Olympischen Winterspielen hat Marlene Fichtner f\u00fcr&hellip;\n","protected":false},"author":2,"featured_media":846159,"comment_status":"","ping_status":"","sticky":false,"template":"","format":"standard","meta":{"footnotes":"","_share_on_mastodon":"0"},"categories":[1841],"tags":[862,1605,3364,29,646,30,1209,62497,864],"class_list":["post-846158","post","type-post","status-publish","format-standard","has-post-thumbnail","category-bielefeld","tag-biathlon","tag-bielefeld","tag-de","tag-deutschland","tag-finnland","tag-germany","tag-nordrhein-westfalen","tag-weltcup","tag-wintersport"],"share_on_mastodon":{"url":"https:\/\/pubeurope.com\/@de\/116179033666909783","error":""},"_links":{"self":[{"href":"https:\/\/www.europesays.com\/de\/wp-json\/wp\/v2\/posts\/846158","targetHints":{"allow":["GET"]}}],"collection":[{"href":"https:\/\/www.europesays.com\/de\/wp-json\/wp\/v2\/posts"}],"about":[{"href":"https:\/\/www.europesays.com\/de\/wp-json\/wp\/v2\/types\/post"}],"author":[{"embeddable":true,"href":"https:\/\/www.europesays.com\/de\/wp-json\/wp\/v2\/users\/2"}],"replies":[{"embeddable":true,"href":"https:\/\/www.europesays.com\/de\/wp-json\/wp\/v2\/comments?post=846158"}],"version-history":[{"count":0,"href":"https:\/\/www.europesays.com\/de\/wp-json\/wp\/v2\/posts\/846158\/revisions"}],"wp:featuredmedia":[{"embeddable":true,"href":"https:\/\/www.europesays.com\/de\/wp-json\/wp\/v2\/media\/846159"}],"wp:attachment":[{"href":"https:\/\/www.europesays.com\/de\/wp-json\/wp\/v2\/media?parent=846158"}],"wp:term":[{"taxonomy":"category","embeddable":true,"href":"https:\/\/www.europesays.com\/de\/wp-json\/wp\/v2\/categories?post=846158"},{"taxonomy":"post_tag","embeddable":true,"href":"https:\/\/www.europesays.com\/de\/wp-json\/wp\/v2\/tags?post=846158"}],"curies":[{"name":"wp","href":"https:\/\/api.w.org\/{rel}","templated":true}]}}