{"id":846509,"date":"2026-03-06T02:18:14","date_gmt":"2026-03-06T02:18:14","guid":{"rendered":"https:\/\/www.europesays.com\/de\/846509\/"},"modified":"2026-03-06T02:18:14","modified_gmt":"2026-03-06T02:18:14","slug":"neue-live-show-2027-in-der-olympiahalle","status":"publish","type":"post","link":"https:\/\/www.europesays.com\/de\/846509\/","title":{"rendered":"Neue Live-Show 2027 in der Olympiahalle"},"content":{"rendered":"<p>Neues Programm <\/p>\n<p>Jan B\u00f6hmermann kommt f\u00fcr Live-Show nach M\u00fcnchen<\/p>\n<p>Aktualisiert am 06.03.2026 &#8211; 03:10 UhrLesedauer: 2 Min.<\/p>\n<p><a href=\"#focus-0\" class=\"transition-colors duration-200 block text-current relative\" data-sctrack=\"FocusGalleryImage.Reference\"><img fetchpriority=\"high\" data-testid=\"Opener.Image\" style=\"--lqipURL:url('https:\/\/images.t-online.de\/2026\/03\/4CUIIs81ux1Z\/0x149:4000x2250\/fit-in\/150x0\/filters:blur(25)\/jan-boehmermann-bei-einer-live-show-archivbild-die-neue-tour-umfasst-zehn-stopps-in-ganz-deutschland.jpg')\"   loading=\"eager\" src=\"https:\/\/www.europesays.com\/de\/wp-content\/uploads\/2026\/03\/jan-boehmermann-bei-einer-live-show-archivbild-die-neue-tour-umfasst-zehn-stopps-in-ganz-deutschland.jpeg\" alt=\"Jan B\u00f6hmermann bei einer Live-Show (Archivbild): Die neue Tour umfasst zehn Stopps in ganz Deutschland.\" title=\"Jan B\u00f6hmermann bei einer Live-Show (Archivbild): Die neue Tour umfasst zehn Stopps in ganz Deutschland.\" width=\"4000\" height=\"2250\" class=\"bg-[url:var(--lqipURL)] bg-cover bg-center flex h-full w-full max-w-full\" decoding=\"async\"\/><img style=\"--width:32;--height:32\" loading=\"lazy\" src=\"https:\/\/muenchen.t-online.de\/s\/paper\/_next\/static\/media\/zoom-in.f7dae02f.svg\" alt=\"Vergr\u00f6\u00dfern des Bildes\" title=\"Vergr\u00f6\u00dfern des Bildes\" class=\"block h-[calc(var(--height)_\/_16_*_1rem)] w-[calc(var(--width)_\/_16_*_1rem)] max-w-none absolute bottom-8 right-8 rounded-4 bg-snow p-8\" decoding=\"async\"\/><\/a><\/p>\n<p>Jan B\u00f6hmermann bei einer Live-Show (Archivbild): Die neue Tour f\u00fchrt ihn 2027 durch ganz Deutschland. (Quelle: Imago\/Michael Kremer)<\/p>\n<p class=\"font-bold text-18 leading-17 user-text-lg:text-22 user-text-xl:text-24\">Jan B\u00f6hmermann k\u00fcndigt ein neues Live-Programm an, mit dem er durch Deutschland touren will. Auch ein Stopp in M\u00fcnchen ist geplant. Karten soll es schon bald geben.<\/p>\n<p class=\"text-18 leading-17 user-text-lg:text-22 user-text-xl:text-24\">Entertainer und Satiriker Jan B\u00f6hmermann geht im kommenden Jahr auf gro\u00dfe Live-Tour und kommt dabei auch nach M\u00fcnchen. Begleitet wird der 45-J\u00e4hrige, der vor allem durch seine TV-Show &#8222;ZDF Magazin Royale&#8220; bekannt ist, dabei vom Rundfunk-Tanzorchester (RTO) Ehrenfeld.<\/p>\n<p class=\"text-18 leading-17 user-text-lg:text-22 user-text-xl:text-24\">Die Tournee mit dem Titel &#8222;Auf! Auf! Ehrenfeld&#8220; f\u00fchrt B\u00f6hmermann vom 19. Januar bis 2. Februar 2027 durch zehn St\u00e4dte in ganz Deutschland. In der M\u00fcnchner Olympiahalle wird er am 22. Januar auf der B\u00fchne stehen. Weitere Stopps sind in Frankfurt, Leipzig, Berlin, Hamburg, Bremen, Oberhausen, Stuttgart, Hannover und K\u00f6ln.<\/p>\n<p class=\"text-18 leading-17 user-text-lg:text-22 user-text-xl:text-24\">F\u00fcr B\u00f6hmermann ist es die insgesamt f\u00fcnfte gemeinsame Tour mit dem 15-k\u00f6pfigen Rundfunk-Tanzorchester Ehrenfeld. Dieses begleitet ihn auch jede Woche live im &#8222;ZDF Magazin Royale&#8220; und stand unter anderem schon mit K\u00fcnstlern wie Herbert Gr\u00f6nemeyer, Tokio Hotel, Nina Chuba und Rapper SSIO auf der B\u00fchne.<\/p>\n<p class=\"text-18 leading-17 user-text-lg:text-22 user-text-xl:text-24\">Die Veranstalter versprechen auf der neuen Tour &#8222;erstklassige satirisch-politische Revue, subversive Show, spitze Lyrik und herausragende Live-Musik&#8220;. Das Programm sei &#8222;vorw\u00e4rts gerichtet&#8220; und weiche &#8222;der d\u00fcsteren Gegenwart&#8220; nicht aus, sondern werfe sich ihr &#8222;lachend und mit Anlauf entgegen&#8220;.<\/p>\n<p class=\"text-18 leading-17 user-text-lg:text-22 user-text-xl:text-24\">B\u00f6hmermann, siebenfacher Grimme-Preis-Tr\u00e4ger und sechsmal mit dem Deutschen Fernsehpreis ausgezeichnet, freut sich auf seine neue Show. &#8222;Die Feinde der Vernunft sind laut. Die Feinde der Freude sind organisiert. Die Feinde des freien Gedankens haben Ausdauer. Aber wir haben das Rundfunk-Tanzorchester Ehrenfeld \u2013 und richtig Bock&#8220;, k\u00fcndigte er an.<\/p>\n<p class=\"text-18 leading-17 user-text-lg:text-22 user-text-xl:text-24\">Zuletzt tourte der Satiriker Anfang 2025 mit dem Rundfunk-Tanzorchester Ehrenfeld durch Deutschland. Tickets f\u00fcr die neue &#8222;Auf! Auf! Ehrenfeld&#8220;-Tour soll es ab kommenden Dienstag, 10. M\u00e4rz, geben.<\/p>\n","protected":false},"excerpt":{"rendered":"Neues Programm Jan B\u00f6hmermann kommt f\u00fcr Live-Show nach M\u00fcnchen Aktualisiert am 06.03.2026 &#8211; 03:10 UhrLesedauer: 2 Min. Jan&hellip;\n","protected":false},"author":2,"featured_media":846510,"comment_status":"","ping_status":"","sticky":false,"template":"","format":"standard","meta":{"footnotes":"","_share_on_mastodon":"0"},"categories":[1827],"tags":[2201,772,29,11128,30,12566,1268,188473,182878],"class_list":["post-846509","post","type-post","status-publish","format-standard","has-post-thumbnail","category-muenchen","tag-2201","tag-bayern","tag-deutschland","tag-ehrenfeld","tag-germany","tag-jan-boehmermann","tag-muenchen","tag-tourneeplan","tag-tourneestart"],"share_on_mastodon":{"url":"https:\/\/pubeurope.com\/@de\/116179835933545677","error":""},"_links":{"self":[{"href":"https:\/\/www.europesays.com\/de\/wp-json\/wp\/v2\/posts\/846509","targetHints":{"allow":["GET"]}}],"collection":[{"href":"https:\/\/www.europesays.com\/de\/wp-json\/wp\/v2\/posts"}],"about":[{"href":"https:\/\/www.europesays.com\/de\/wp-json\/wp\/v2\/types\/post"}],"author":[{"embeddable":true,"href":"https:\/\/www.europesays.com\/de\/wp-json\/wp\/v2\/users\/2"}],"replies":[{"embeddable":true,"href":"https:\/\/www.europesays.com\/de\/wp-json\/wp\/v2\/comments?post=846509"}],"version-history":[{"count":0,"href":"https:\/\/www.europesays.com\/de\/wp-json\/wp\/v2\/posts\/846509\/revisions"}],"wp:featuredmedia":[{"embeddable":true,"href":"https:\/\/www.europesays.com\/de\/wp-json\/wp\/v2\/media\/846510"}],"wp:attachment":[{"href":"https:\/\/www.europesays.com\/de\/wp-json\/wp\/v2\/media?parent=846509"}],"wp:term":[{"taxonomy":"category","embeddable":true,"href":"https:\/\/www.europesays.com\/de\/wp-json\/wp\/v2\/categories?post=846509"},{"taxonomy":"post_tag","embeddable":true,"href":"https:\/\/www.europesays.com\/de\/wp-json\/wp\/v2\/tags?post=846509"}],"curies":[{"name":"wp","href":"https:\/\/api.w.org\/{rel}","templated":true}]}}