{"id":846579,"date":"2026-03-06T02:57:13","date_gmt":"2026-03-06T02:57:13","guid":{"rendered":"https:\/\/www.europesays.com\/de\/846579\/"},"modified":"2026-03-06T02:57:13","modified_gmt":"2026-03-06T02:57:13","slug":"ex-ministerin-paul-sagt-zu-solinger-anschlag-im-landtag-aus-haller-kreisblatt","status":"publish","type":"post","link":"https:\/\/www.europesays.com\/de\/846579\/","title":{"rendered":"Ex-Ministerin Paul sagt zu Solinger Anschlag im Landtag aus | Haller Kreisblatt"},"content":{"rendered":"<p id=\"absatz1\" class=\"em_text\">Fast eineinhalb Jahre nach dem Start des Untersuchungsausschusses zum Solinger Terroranschlag wird am Freitag (13.00 Uhr) Ex-Fluchtministerin Josefine Paul (Gr\u00fcne) im D\u00fcsseldorfer Landtag als Zeugin vernommen. Der Ausschuss beleuchtet m\u00f6gliche Vers\u00e4umnisse oder Fehler der Landesregierung bei der Bew\u00e4ltigung der Lage nach dem t\u00f6dlichen Terroranschlag vom August 2024. Dar\u00fcber hinaus werden strukturelle Defizite bei Abschiebungen untersucht &#8211; insbesondere, warum die R\u00fcckf\u00fchrung bei dem ausreisepflichtigen Syrer lange vor dessen t\u00f6dlicher Messerattacke gescheitert war.<\/p>\n<p id=\"absatz2\" class=\"em_text\">Paul war am 27. Januar zur\u00fcckgetreten. Die Opposition wirft der Gr\u00fcnen-Politikerin vor, nach dem Anschlag abgetaucht zu sein und am Tatwochenende w\u00e4hrend einer Dienstreise nach Frankreich auf Anrufe von NRW-Innenminister Herbert Reul (CDU) und Vize-Ministerpr\u00e4sidentin Mona Neubaur (Gr\u00fcne) nicht reagiert zu haben. Paul hatte stets dagegen gehalten, zu dem Zeitpunkt h\u00e4tten noch keine gesicherten Informationen \u00fcber den Attent\u00e4ter vorgelegen.<\/p>\n<p>Gr\u00fcne: Schluss mit M\u00e4rchen und Unterstellungen<\/p>\n<p>        <a href=\"https:\/\/www.haller-kreisblatt.de\/_em_daten\/_cache\/image\/1xSmxoRm05STd6MjR5bHpYS01HTVRMRndhMms3eE5nQ010ZDZBNDZiNklsZmw0ZytoNDJaUTRkUVlnYlp2QkxCTGlEUXAzNEZ5aGFZeVMxVTVoMWdFeWQvRXBFRnNpb25PS0pnSGxBTlFjUm9IL3FDNCs5YXNRN2NLWjJzaGlrak8\/260306-0332-urn-newsml-dpa-com-20090101-260306-935-1196524.jpg\" class=\"nw-article-image\" title=\"Die Landtagsfraktion der Gr\u00fcnen geht davon aus, dass Ex-Ministerin Josefine Paul im Untersuchungsausschuss \u00abHalbwahrheiten und Unterstellungen\u00bb entkr\u00e4ften kann. (Archivbild)\" data-glightbox=\"type: image; description: Die Landtagsfraktion der Gr\u00fcnen geht davon aus, dass Ex-Ministerin Josefine Paul im Untersuchungsausschuss \u00abHalbwahrheiten und Unterstellungen\u00bb entkr\u00e4ften kann. (Archivbild)  | \u00a9 Roberto Pfeil\/dpa \" rel=\"nofollow noopener\" target=\"_blank\"><br \/>\n            <img decoding=\"async\" src=\"https:\/\/www.europesays.com\/de\/wp-content\/uploads\/2026\/03\/260306-0332-urn-newsml-dpa-com-20090101-260306-935-1196524.jpg\" class=\"nw-img-fluid nw-w-full nw-lazy nw-rounded-t-md\" alt=\"Die Landtagsfraktion der Gr\u00fcnen geht davon aus, dass Ex-Ministerin Josefine Paul im Untersuchungsausschuss \u00abHalbwahrheiten und Unterstellungen\u00bb entkr\u00e4ften kann. (Archivbild) - \u00a9 Roberto Pfeil\/dpa\" data-format=\"16:9\"\/><br \/>\n        <\/a><\/p>\n<p>                Die Landtagsfraktion der Gr\u00fcnen geht davon aus, dass Ex-Ministerin Josefine Paul im Untersuchungsausschuss \u00abHalbwahrheiten und Unterstellungen\u00bb entkr\u00e4ften kann. (Archivbild)<br \/>\n                                    | \u00a9 Roberto Pfeil\/dpa<\/p>\n<p id=\"absatz5\" class=\"em_text\">Die Landtagsfraktion der Gr\u00fcnen hat bereits im Vorfeld angek\u00fcndigt, Paul werde im U-Ausschuss \u00abmit Unterstellungen, Dramatisierungen und Halbwahrheiten aufr\u00e4umen\u00bb, die SPD und FDP in den vergangenen Monaten verbreitet h\u00e4tten. \u00abDas M\u00e4rchen von der abgetauchten Ministerin und der dysfunktionalen Landesregierung h\u00e4lt keiner \u00dcberpr\u00fcfung stand.\u00bb<\/p>\n<p id=\"absatz6\" class=\"em_text\">Vor Paul werden auch die Abteilungsleiterin Integration (9.00 Uhr) und ein Staatssekret\u00e4r des Fluchtministeriums (10.00 Uhr) als Zeugen vernommen. Ein besonderer Fokus liege auf der Frage, wie die Hausspitze die schlechte R\u00fcckf\u00fchrungsquote innerhalb Europas bewerte, k\u00fcndigte der Ausschussvorsitzende und ehemalige NRW-Justizminister Thomas Kutschaty (SPD) an. Zudem sollten die Kommunikationswege innerhalb der Landesregierung nachvollzogen und gekl\u00e4rt werden.<\/p>\n<p>Auch Reul und W\u00fcst sollen als Zeugen geladen werden<\/p>\n<p id=\"absatz7\" class=\"em_text\">Der Ausschuss soll seine Arbeit m\u00f6glichst bis zum Jahresende abschlie\u00dfen. Bis dahin sollen unter anderem auch Reul sowie Ministerpr\u00e4sident Hendrik W\u00fcst (CDU) als Zeugen geladen werden.<\/p>\n<p id=\"absatz8\" class=\"em_text\">Am 23. August 2024 hatte der Syrer Issa al Hasan auf einem Stadtfest in Solingen drei Menschen mit einem Messer get\u00f6tet und viele weitere verletzt. Die Terrorgruppe \u00abIslamischer Staat\u00bb (IS) hatte den Anschlag f\u00fcr sich reklamiert.<\/p>\n<p id=\"absatz9\" class=\"em_text\">Al Hasan h\u00e4tte bereits ein Jahr zuvor entsprechend den EU-Dublin-Regeln nach Bulgarien r\u00fcckgef\u00fchrt werden m\u00fcssen. Ein Versuch war gescheitert, ein weiterer nicht unternommen worden. Das D\u00fcsseldorfer Oberlandesgericht hatte den Syrer im vergangenen September zu lebenslanger Haft und anschlie\u00dfender Sicherungsverwahrung verurteilt wegen Mordes an drei Menschen, Mordversuchen an zehn Menschen und als Mitglied der IS-Terrormiliz. <\/p>\n","protected":false},"excerpt":{"rendered":"Fast eineinhalb Jahre nach dem Start des Untersuchungsausschusses zum Solinger Terroranschlag wird am Freitag (13.00 Uhr) Ex-Fluchtministerin Josefine&hellip;\n","protected":false},"author":2,"featured_media":846580,"comment_status":"","ping_status":"","sticky":false,"template":"","format":"standard","meta":{"footnotes":"","_share_on_mastodon":"0"},"categories":[1840],"tags":[38914,51866,10475,31,3364,29,19073,156,30,15016,6626,1985,2842,1209,176,7223,184,10037,4688,4418],"class_list":["post-846579","post","type-post","status-publish","format-standard","has-post-thumbnail","category-wuppertal","tag-josefine-paul","tag-mona-neubaur","tag-aufarbeitung","tag-cdu","tag-de","tag-deutschland","tag-die-grnen","tag-frankreich","tag-germany","tag-herbert-reul","tag-landesregierung","tag-landtag","tag-messerattacke","tag-nordrhein-westfalen","tag-nrw","tag-solingen","tag-spd","tag-terroranschlag","tag-untersuchungsausschuss","tag-wuppertal"],"share_on_mastodon":{"url":"https:\/\/pubeurope.com\/@de\/116179989046321240","error":""},"_links":{"self":[{"href":"https:\/\/www.europesays.com\/de\/wp-json\/wp\/v2\/posts\/846579","targetHints":{"allow":["GET"]}}],"collection":[{"href":"https:\/\/www.europesays.com\/de\/wp-json\/wp\/v2\/posts"}],"about":[{"href":"https:\/\/www.europesays.com\/de\/wp-json\/wp\/v2\/types\/post"}],"author":[{"embeddable":true,"href":"https:\/\/www.europesays.com\/de\/wp-json\/wp\/v2\/users\/2"}],"replies":[{"embeddable":true,"href":"https:\/\/www.europesays.com\/de\/wp-json\/wp\/v2\/comments?post=846579"}],"version-history":[{"count":0,"href":"https:\/\/www.europesays.com\/de\/wp-json\/wp\/v2\/posts\/846579\/revisions"}],"wp:featuredmedia":[{"embeddable":true,"href":"https:\/\/www.europesays.com\/de\/wp-json\/wp\/v2\/media\/846580"}],"wp:attachment":[{"href":"https:\/\/www.europesays.com\/de\/wp-json\/wp\/v2\/media?parent=846579"}],"wp:term":[{"taxonomy":"category","embeddable":true,"href":"https:\/\/www.europesays.com\/de\/wp-json\/wp\/v2\/categories?post=846579"},{"taxonomy":"post_tag","embeddable":true,"href":"https:\/\/www.europesays.com\/de\/wp-json\/wp\/v2\/tags?post=846579"}],"curies":[{"name":"wp","href":"https:\/\/api.w.org\/{rel}","templated":true}]}}