{"id":846621,"date":"2026-03-06T03:23:16","date_gmt":"2026-03-06T03:23:16","guid":{"rendered":"https:\/\/www.europesays.com\/de\/846621\/"},"modified":"2026-03-06T03:23:16","modified_gmt":"2026-03-06T03:23:16","slug":"dresden-feuerwehreinsatz-wegen-neonfarbener-fluessigkeit-im-kaitzbach","status":"publish","type":"post","link":"https:\/\/www.europesays.com\/de\/846621\/","title":{"rendered":"Dresden: Feuerwehreinsatz wegen neonfarbener Fl\u00fcssigkeit im Kaitzbach"},"content":{"rendered":"<p class=\"text\">\nEine Spezialeinheit der Dresdner Feuerwehr ist am Donnerstagmorgen in Altkaitz im Einsatz gewesen. Der Grund: Der Kaitzbach hatte sich neonfarben verf\u00e4rbt. Nach Angaben der Feuerwehr konnte aber schnell Entwarnung gegeben werden.\n<\/p>\n<p>Fl\u00fcssigkeit ist umweltvertr\u00e4glich<\/p>\n<p class=\"text\">\nEs stellte sich heraus, dass sich der Bach wegen einer Fl\u00fcssigkeit verf\u00e4rbt hatte, die zur Untersuchung von Rohrverl\u00e4ufen eingesetzt wird. Die eingesetzte Fl\u00fcssigkeit sei umweltvertr\u00e4glich, baue sich selbstst\u00e4ndig ab und stelle keine Gefahr f\u00fcr Mensch und Umwelt dar, so die Dresdner Feuerwehr.\n<\/p>\n<p>Verf\u00e4rbungen auch am Carolasee m\u00f6glich<\/p>\n<p class=\"text\">\nIm weiteren Verlauf des Baches &#8211; etwa im Bereich des Zoos, des Gro\u00dfen Gartens oder des Carolasees &#8211; kann es den Angaben zufolge noch vor\u00fcbergehend zu sichbaren Verf\u00e4rbungen oder Tr\u00fcbungen kommen. Auch diese seien unbedenklich.<\/p>\n","protected":false},"excerpt":{"rendered":"Eine Spezialeinheit der Dresdner Feuerwehr ist am Donnerstagmorgen in Altkaitz im Einsatz gewesen. Der Grund: Der Kaitzbach hatte&hellip;\n","protected":false},"author":2,"featured_media":846622,"comment_status":"","ping_status":"","sticky":false,"template":"","format":"standard","meta":{"footnotes":"","_share_on_mastodon":"0"},"categories":[1835],"tags":[3364,29,2386,985,34340,30,188489,81,14,859],"class_list":["post-846621","post","type-post","status-publish","format-standard","has-post-thumbnail","category-dresden","tag-de","tag-deutschland","tag-dresden","tag-feuerwehr","tag-fluessigkeit","tag-germany","tag-kaitzbach","tag-mdr","tag-nachrichten","tag-sachsen"],"share_on_mastodon":{"url":"https:\/\/pubeurope.com\/@de\/116180091211907246","error":""},"_links":{"self":[{"href":"https:\/\/www.europesays.com\/de\/wp-json\/wp\/v2\/posts\/846621","targetHints":{"allow":["GET"]}}],"collection":[{"href":"https:\/\/www.europesays.com\/de\/wp-json\/wp\/v2\/posts"}],"about":[{"href":"https:\/\/www.europesays.com\/de\/wp-json\/wp\/v2\/types\/post"}],"author":[{"embeddable":true,"href":"https:\/\/www.europesays.com\/de\/wp-json\/wp\/v2\/users\/2"}],"replies":[{"embeddable":true,"href":"https:\/\/www.europesays.com\/de\/wp-json\/wp\/v2\/comments?post=846621"}],"version-history":[{"count":0,"href":"https:\/\/www.europesays.com\/de\/wp-json\/wp\/v2\/posts\/846621\/revisions"}],"wp:featuredmedia":[{"embeddable":true,"href":"https:\/\/www.europesays.com\/de\/wp-json\/wp\/v2\/media\/846622"}],"wp:attachment":[{"href":"https:\/\/www.europesays.com\/de\/wp-json\/wp\/v2\/media?parent=846621"}],"wp:term":[{"taxonomy":"category","embeddable":true,"href":"https:\/\/www.europesays.com\/de\/wp-json\/wp\/v2\/categories?post=846621"},{"taxonomy":"post_tag","embeddable":true,"href":"https:\/\/www.europesays.com\/de\/wp-json\/wp\/v2\/tags?post=846621"}],"curies":[{"name":"wp","href":"https:\/\/api.w.org\/{rel}","templated":true}]}}