{"id":846633,"date":"2026-03-06T03:29:34","date_gmt":"2026-03-06T03:29:34","guid":{"rendered":"https:\/\/www.europesays.com\/de\/846633\/"},"modified":"2026-03-06T03:29:34","modified_gmt":"2026-03-06T03:29:34","slug":"borussia-dortmund-julian-ryerson-vor-abgang","status":"publish","type":"post","link":"https:\/\/www.europesays.com\/de\/846633\/","title":{"rendered":"Borussia Dortmund: Julian Ryerson vor Abgang"},"content":{"rendered":"<p><a href=\"https:\/\/www.fussballdaten.de\/person\/julian-ryerson\/\" title=\"Profil von Julian Ryerson\" rel=\"nofollow noopener\" target=\"_blank\">Julian Ryerson<\/a> hat sich in den vergangenen Jahren zu einem der offensivst\u00e4rksten Au\u00dfenverteidiger Europas entwickelt. Im kommenden Sommer scheint sein Kapitel bei <a href=\"https:\/\/www.fussballdaten.de\/vereine\/borussia-dortmund\/\" title=\"Profil von Borussia Dortmund\" rel=\"nofollow noopener\" target=\"_blank\">Borussia Dortmund<\/a> ein fr\u00fches Ende zu finden. Intern wurde ein Preisschild f\u00fcr den 28-j\u00e4hrigen Norweger festgelegt: Ab 30 Millionen ist der BVB gespr\u00e4chsbereit. An Interessenten mangelt es nicht.<\/p>\n<p>Top-Klubs haben Interesse hinterlegt<\/p>\n<p class=\"mb20 mt30\">Laut einem aktuellen Bericht der \u201eBild\u201c-Zeitung plant man in Dortmund, das klaffende Loch im Budget nach dem fr\u00fchen Ausscheiden in der Champions League durch einen Verkauf des Rechtsverteidigers zu stopfen. Der Zeitpunkt f\u00fcr einen Verkauf des Norwegers k\u00f6nnte dabei nicht besser sein. Wettbewerbs\u00fcbergreifend hat Ryerson 14 Vorlagen auf der Habenseite \u2013 nur Federico Dimarco hat europaweit \u00e4hnliche Werte vorzuweisen. Die starken Leistungen in den vergangenen Monaten haben auch Eindruck hinterlassen. Neben dem bekannten Interesse des <a href=\"https:\/\/www.fussballdaten.de\/vereine\/fc-barcelona\/\" title=\"Profil von FC Barcelona\" rel=\"nofollow noopener\" target=\"_blank\">FC Barcelona<\/a> sind mit Newcastle United, Manchester United sowie dem <a href=\"https:\/\/www.fussballdaten.de\/vereine\/fc-liverpool\/\" title=\"Profil von FC Liverpool\" rel=\"nofollow noopener\" target=\"_blank\">FC Liverpool<\/a> einige Top-Klubs aus der Premier League interessiert.<\/p>\n<p><a href=\"https:\/\/www.fussballdaten.de\/go\/betano\" rel=\"nofollow noopener\" target=\"_blank\"><img loading=\"lazy\" decoding=\"async\" class=\"ad-label-image\" src=\"https:\/\/www.europesays.com\/de\/wp-content\/uploads\/2025\/12\/betano_de_-_genau_so_x_fc_bayern_i_codebetano20-300x250-english.jpg\" width=\"300\" height=\"250\" alt=\"Anzeige\"\/><\/a>Preisschild: 30 Millionen<\/p>\n<p class=\"mb20 mt30\">Mit noch zwei Jahren Vertragslaufzeit hat man laut dem Bericht intern ein Preisschild von 30 Millionen festgelegt. Dennoch w\u00fcrde man sich Hoffnungen auf ein Wettbieten der Premier-League-Klubs machen. Gerade in Liverpool hatte man sich deutlich mehr von Jeremie Frimpong erhofft und sucht daher nach einer passenderen L\u00f6sung als Trent-Alexander-Arnold-Ersatz. Bereits in der Vergangenheit hatte Ryerson verlauten lassen, dass er weiterhin von einem Engagement in der Premier League tr\u00e4umt.<\/p>\n<p>Yan Couto als Nutznie\u00dfer<\/p>\n<p class=\"mb20 mt30\">In Dortmund ist man einem Verkauf nicht abgeneigt, da man in <a href=\"https:\/\/www.fussballdaten.de\/person\/yan-couto\/\" title=\"Profil von Yan Couto\" rel=\"nofollow noopener\" target=\"_blank\">Yan Couto<\/a> einen idealen Ersatz bereits im Kader hat. Der 23-j\u00e4hrige Brasilianer kam im Sommer f\u00fcr 25 Millionen von Manchester City und steht noch bis 2030 unter Vertrag. Trotz Anpassungsschwierigkeiten zeigte die Leistungskurve des ehemaligen brasilianischen Nationalspielers in den vergangenen Wochen nach oben.<\/p>\n","protected":false},"excerpt":{"rendered":"Julian Ryerson hat sich in den vergangenen Jahren zu einem der offensivst\u00e4rksten Au\u00dfenverteidiger Europas entwickelt. Im kommenden Sommer&hellip;\n","protected":false},"author":2,"featured_media":846634,"comment_status":"","ping_status":"","sticky":false,"template":"","format":"standard","meta":{"footnotes":"","_share_on_mastodon":"0"},"categories":[1833],"tags":[888,468,3364,29,217,8834,954,30,14781,18531,50637,1209,74883],"class_list":["post-846633","post","type-post","status-publish","format-standard","has-post-thumbnail","category-dortmund","tag-borussia-dortmund","tag-champions-league","tag-de","tag-deutschland","tag-dortmund","tag-fc-barcelona","tag-fc-liverpool","tag-germany","tag-julian-ryerson","tag-manchester-united","tag-newcastle-united","tag-nordrhein-westfalen","tag-yan-couto"],"share_on_mastodon":{"url":"https:\/\/pubeurope.com\/@de\/116180114910652912","error":""},"_links":{"self":[{"href":"https:\/\/www.europesays.com\/de\/wp-json\/wp\/v2\/posts\/846633","targetHints":{"allow":["GET"]}}],"collection":[{"href":"https:\/\/www.europesays.com\/de\/wp-json\/wp\/v2\/posts"}],"about":[{"href":"https:\/\/www.europesays.com\/de\/wp-json\/wp\/v2\/types\/post"}],"author":[{"embeddable":true,"href":"https:\/\/www.europesays.com\/de\/wp-json\/wp\/v2\/users\/2"}],"replies":[{"embeddable":true,"href":"https:\/\/www.europesays.com\/de\/wp-json\/wp\/v2\/comments?post=846633"}],"version-history":[{"count":0,"href":"https:\/\/www.europesays.com\/de\/wp-json\/wp\/v2\/posts\/846633\/revisions"}],"wp:featuredmedia":[{"embeddable":true,"href":"https:\/\/www.europesays.com\/de\/wp-json\/wp\/v2\/media\/846634"}],"wp:attachment":[{"href":"https:\/\/www.europesays.com\/de\/wp-json\/wp\/v2\/media?parent=846633"}],"wp:term":[{"taxonomy":"category","embeddable":true,"href":"https:\/\/www.europesays.com\/de\/wp-json\/wp\/v2\/categories?post=846633"},{"taxonomy":"post_tag","embeddable":true,"href":"https:\/\/www.europesays.com\/de\/wp-json\/wp\/v2\/tags?post=846633"}],"curies":[{"name":"wp","href":"https:\/\/api.w.org\/{rel}","templated":true}]}}