{"id":846689,"date":"2026-03-06T04:01:21","date_gmt":"2026-03-06T04:01:21","guid":{"rendered":"https:\/\/www.europesays.com\/de\/846689\/"},"modified":"2026-03-06T04:01:21","modified_gmt":"2026-03-06T04:01:21","slug":"ukraine-zoff-mit-ungarn-selenskyj-droht-orban-mit-seinen-soldaten-politik","status":"publish","type":"post","link":"https:\/\/www.europesays.com\/de\/846689\/","title":{"rendered":"Ukraine-Zoff mit Ungarn: Selenskyj droht Orb\u00e1n mit seinen Soldaten | Politik"},"content":{"rendered":"<p><a class=\"skip-content skip-content--link\" href=\"#in-content-skip-link-target-v-0-0\">TTS-Player \u00fcberspringen\u21b5<\/a><a id=\"in-content-skip-link-target-v-0-0\" class=\"skip-content--target-link-hidden skip-content skip-content--target-link\" href=\"#in-content-skip-link-target-v-0-0\">Artikel weiterlesen<\/a><\/p>\n<p>Kiew\/Budapest \u2013\u00a0<b>Jetzt eskaliert Wolodymyr Selenskyj (48) den Nachbarschaftszoff zwischen der Ukraine und Ungarn! Der Ukraine-Pr\u00e4sident hat Ungarns Ministerpr\u00e4sident Viktor Orb\u00e1n (62) mit den ukrainischen Streitkr\u00e4ften gedroht, sollte dieser die 90 Milliarden Euro der EU f\u00fcr die Ukraine weiter blockieren. <\/b><\/p>\n<p>\u201eWir hoffen, dass eine Person in der Europ\u00e4ischen Union die 90 Milliarden oder die erste Tranche von 90 Milliarden nicht blockieren wird und die ukrainischen Soldaten Waffen erhalten werden. Andernfalls geben wir die Adresse dieser Person an unsere Streitkr\u00e4fte, unsere Jungs weiter. Sollen sie ihn anrufen und mit ihm in ihrer eigenen Sprache reden\u201c, sagte Selenskyj nach einem Bericht der \u201eUkrainska Prawda\u201c im Anschluss an eine Regierungssitzung in Kiew.<\/p>\n<p>Ukraine l\u00e4sst Putins \u00d6l nicht durch<\/p>\n<p>Kontext der martialischen Ansage: Ungarn will die Ukraine mit politischen Mitteln zur Wiederer\u00f6ffnung der \u00d6lpipeline Druschba (\u201eFreundschaft\u201c) zwingen. \u00dcber die Pipeline bekamen Ungarn und die Slowakei bis Ende Januar Erd\u00f6l aus Russland. Beide L\u00e4nder sind vom Russen-\u00d6l abh\u00e4ngig und werden von Putin-freundlichen Regierungen gef\u00fchrt. Dann wurden die Lieferungen gestoppt. Die <a href=\"https:\/\/www.bild.de\/politik\/ausland-und-internationales\/ukraine-krieg-die-aktuelle-lage-im-live-ticker-83726300.bild.html\" class=\"text-link\" rel=\"nofollow noopener\" target=\"_blank\">Ukraine<\/a> f\u00fchrt Sch\u00e4den durch russische Angriffe an, w\u00e4hrend Budapest und Bratislava politischen Boykott durch Kiew wittern.<\/p>\n<p><img decoding=\"async\" width=\"992\" height=\"558\" alt=\"Ein Teil der Empfangsstation der Druschba-\u00d6lpipeline (\u201eFreundschaft\u201c) in der gr\u00f6\u00dften \u00d6lraffinerie Ungarns, 29 Kilometer s\u00fcdlich von Budapest\" src=\"https:\/\/www.europesays.com\/de\/wp-content\/uploads\/2026\/03\/f4e71c3d8675f71064032654037b0f35,2c4253cf.jpeg\"   class=\"landscape\" loading=\"lazy\"\/><\/p>\n<p class=\"fig__caption__text\">Ein Teil der Empfangsstation der Druschba-\u00d6lpipeline (\u201eFreundschaft\u201c) in der gr\u00f6\u00dften \u00d6lraffinerie Ungarns, 29 Kilometer s\u00fcdlich von Budapest<\/p>\n<p>Foto: Zsolt Szigetvary\/MTI\/epa\/dpa<\/p>\n<p>Orb\u00e1ns Wahlkampf kreist derweil um den Vorwurf an die Ukraine, das Land wolle <a href=\"https:\/\/www.bild.de\/news\/ausland\/ungarn\/thema-ungarn-alle-infos-80026866.bild.html\" class=\"text-link\" rel=\"nofollow noopener\" target=\"_blank\">Ungarn<\/a> in den Krieg ziehen. Am 12. April wird das Parlament neu gew\u00e4hlt. Orb\u00e1n droht nicht nur der Verlust der seit 2010 bestehenden Zwei-Drittel-Mehrheit seiner Fidesz-Partei, sondern der komplette Machtverlust! Umfragen sehen die vor zwei Jahren gegr\u00fcndete Oppositionspartei Tisza um F\u00fchrungsfigur P\u00e9ter Magyar (44) weit vorn.<\/p>\n<p>Oppositionschef stellt sich hinter Orb\u00e1n<\/p>\n<p>Nicht nur die ungarische Regierung, auch der Oppositionschef und Wahlfavorit Magyar wiesen die Selenskyj-Drohung scharf zur\u00fcck. Auf einer Kundgebung sagte er: \u201eSelenskyj hat Orb\u00e1n bedroht, und Putin hat ganz Ungarn mit einem Stopp der Gaslieferungen gedroht. (&#8230;) Kein einziger ausl\u00e4ndischer Staatschef darf auch nur einen einzigen ungarischen Staatsb\u00fcrger bedrohen.\u201c<\/p>\n<p><img decoding=\"async\" width=\"992\" height=\"558\" alt=\"Favorit P\u00e9ter Magyar (44) bei einem Wahlkampfauftritt\" src=\"https:\/\/www.europesays.com\/de\/wp-content\/uploads\/2026\/03\/daaf3eef77390ad71430dd4ad1c563f6,fb580bb5.jpeg\"   class=\"landscape\" loading=\"lazy\"\/><\/p>\n<p class=\"fig__caption__text\">Favorit P\u00e9ter Magyar (44) bei einem Wahlkampfauftritt<\/p>\n<p>Foto: Balint Szentgallay\/NurPhoto\/Shutterstock<\/p>\n<p>EU soll Beziehungen zu Selenskyj abbrechen<\/p>\n<p>Und weiter: \u201eDie Energieversorgung Ungarns ist eine nationale Frage, die \u00fcber Parteipolitik und Wahlk\u00e4mpfen steht. Ich erwarte von der F\u00fchrung der Europ\u00e4ischen Union, dass sie alle Beziehungen zur Ukraine abbricht, solange Pr\u00e4sident Selenskyj seine Worte nicht klarstellt und sich bei allen ungarischen Staatsb\u00fcrgern f\u00fcr seine \u00c4u\u00dferungen entschuldigt.\u201c<\/p>\n<p>Mehr zum Thema<\/p>\n<p>Allerdings sagte er auch: \u201eViktor Orb\u00e1n muss am 12. April auch deshalb abgel\u00f6st werden, weil er mit seinen st\u00e4ndigen innenpolitisch motivierten Provokationen und Anheizungen unser Land in Konflikte und Chaos treibt. Ruhe wird es hier nur geben, wenn wir am 12. April das System wechseln.\u201c<\/p>\n","protected":false},"excerpt":{"rendered":"TTS-Player \u00fcberspringen\u21b5Artikel weiterlesen Kiew\/Budapest \u2013\u00a0Jetzt eskaliert Wolodymyr Selenskyj (48) den Nachbarschaftszoff zwischen der Ukraine und Ungarn! Der Ukraine-Pr\u00e4sident&hellip;\n","protected":false},"author":2,"featured_media":846690,"comment_status":"","ping_status":"","sticky":false,"template":"","format":"standard","meta":{"footnotes":"","_share_on_mastodon":"0"},"categories":[3],"tags":[64211,158,13,14,15,54512,307,12,138370,45,10,8,9,11,317,103,104],"class_list":["post-846689","post","type-post","status-publish","format-standard","has-post-thumbnail","category-welt","tag-erdoel","tag-europaeische-union","tag-headlines","tag-nachrichten","tag-news","tag-orban-viktor","tag-russland","tag-schlagzeilen","tag-team-first","tag-texttospeech","tag-top-news","tag-top-meldungen","tag-topmeldungen","tag-topnews","tag-ukraine","tag-welt","tag-world"],"share_on_mastodon":{"url":"https:\/\/pubeurope.com\/@de\/116180240830869373","error":""},"_links":{"self":[{"href":"https:\/\/www.europesays.com\/de\/wp-json\/wp\/v2\/posts\/846689","targetHints":{"allow":["GET"]}}],"collection":[{"href":"https:\/\/www.europesays.com\/de\/wp-json\/wp\/v2\/posts"}],"about":[{"href":"https:\/\/www.europesays.com\/de\/wp-json\/wp\/v2\/types\/post"}],"author":[{"embeddable":true,"href":"https:\/\/www.europesays.com\/de\/wp-json\/wp\/v2\/users\/2"}],"replies":[{"embeddable":true,"href":"https:\/\/www.europesays.com\/de\/wp-json\/wp\/v2\/comments?post=846689"}],"version-history":[{"count":0,"href":"https:\/\/www.europesays.com\/de\/wp-json\/wp\/v2\/posts\/846689\/revisions"}],"wp:featuredmedia":[{"embeddable":true,"href":"https:\/\/www.europesays.com\/de\/wp-json\/wp\/v2\/media\/846690"}],"wp:attachment":[{"href":"https:\/\/www.europesays.com\/de\/wp-json\/wp\/v2\/media?parent=846689"}],"wp:term":[{"taxonomy":"category","embeddable":true,"href":"https:\/\/www.europesays.com\/de\/wp-json\/wp\/v2\/categories?post=846689"},{"taxonomy":"post_tag","embeddable":true,"href":"https:\/\/www.europesays.com\/de\/wp-json\/wp\/v2\/tags?post=846689"}],"curies":[{"name":"wp","href":"https:\/\/api.w.org\/{rel}","templated":true}]}}