{"id":846853,"date":"2026-03-06T05:33:29","date_gmt":"2026-03-06T05:33:29","guid":{"rendered":"https:\/\/www.europesays.com\/de\/846853\/"},"modified":"2026-03-06T05:33:29","modified_gmt":"2026-03-06T05:33:29","slug":"pol-ma-mannheim-fahrzeug-in-brand-geraten","status":"publish","type":"post","link":"https:\/\/www.europesays.com\/de\/846853\/","title":{"rendered":"POL-MA: Mannheim: Fahrzeug in Brand geraten"},"content":{"rendered":"<p>\nAm Mittwochvormittag geriet gegen 11:00 Uhr ein Fahrzeug auf Grund eines technischen Defekts im Bereich der Friesenheimer Insel in Brand. <\/p>\n<p>Mannheim (ots) &#8211; Ein 26-J\u00e4hriger war mit einem Transporter der Marke VW auf der Diffenestra\u00dfe in Richtung Mannheim-Sandhofen unterwegs und bog an der Einm\u00fcndung zur Friesenheimer Stra\u00dfe nach links in diese ab. Bisherigen Erkenntnissen zufolge verlor das Fahrzeug des 26-J\u00e4hrigen w\u00e4hrend der Fahrt Betriebsstoffe, woraufhin dieses anschlie\u00dfend im Bereich des Motorraums Feuer fing.<\/p>\n<p>Als der Fahrer dies bemerkte, stellte er den VW am linken Fahrbahnrand der Friesenheimer Stra\u00dfe ab, bevor der Transporter kurz darauf in Vollbrand geriet. Ein unmittelbar davor geparktes Auto wurde durch den Brand ebenfalls besch\u00e4digt. An dem Suzuki verbrannte ein Gro\u00dfteil der Front, sodass das Fahrzeug nicht mehr fahrbereit war und abgeschleppt werden musste. Verletzt wurde niemand.<\/p>\n<p>Nach Abschluss der L\u00f6scharbeiten durch die Einsatzkr\u00e4fte der Berufsfeuerwehr wurde die Fahrbahn von einer Spezialfirma gereinigt. F\u00fcr die Dauer der Einsatzma\u00dfnahmen wurde ein Teil der Friesenheimer Stra\u00dfe gesperrt. Es ergaben sich zeitweise Verkehrsbeeintr\u00e4chtigungen. Die Sperrung wurde nach Abschluss der Aufr\u00e4um- und Reinigungsarbeiten gegen 14:50 Uhr aufgehoben.<\/p>\n<p>Die konkrete H\u00f6he des entstandenen Sachschadens kann derzeit nicht beziffert werden.<\/p>\n<p>Die Ermittlungen hat das Polizeirevier Mannheim-Neckarstadt aufgenommen. <\/p>\n","protected":false},"excerpt":{"rendered":"Am Mittwochvormittag geriet gegen 11:00 Uhr ein Fahrzeug auf Grund eines technischen Defekts im Bereich der Friesenheimer Insel&hellip;\n","protected":false},"author":2,"featured_media":843820,"comment_status":"","ping_status":"","sticky":false,"template":"","format":"standard","meta":{"footnotes":"","_share_on_mastodon":"0"},"categories":[1845],"tags":[1634,3364,9037,29,38496,587,548,663,3934,9920,514,6017,30,13,23611,2096,35887,14,15,30255,13122,12,2224,3603],"class_list":["post-846853","post","type-post","status-publish","format-standard","has-post-thumbnail","category-mannheim","tag-baden-wuerttemberg","tag-de","tag-defekt","tag-deutschland","tag-einmuendung","tag-ermittlung","tag-eu","tag-europa","tag-europe","tag-fahrbahn","tag-fahrzeug","tag-front","tag-germany","tag-headlines","tag-insel","tag-mannheim","tag-marke","tag-nachrichten","tag-news","tag-polizeirevier","tag-sachschaden","tag-schlagzeilen","tag-sperrung","tag-transporter"],"share_on_mastodon":{"url":"https:\/\/pubeurope.com\/@de\/116180602542843162","error":""},"_links":{"self":[{"href":"https:\/\/www.europesays.com\/de\/wp-json\/wp\/v2\/posts\/846853","targetHints":{"allow":["GET"]}}],"collection":[{"href":"https:\/\/www.europesays.com\/de\/wp-json\/wp\/v2\/posts"}],"about":[{"href":"https:\/\/www.europesays.com\/de\/wp-json\/wp\/v2\/types\/post"}],"author":[{"embeddable":true,"href":"https:\/\/www.europesays.com\/de\/wp-json\/wp\/v2\/users\/2"}],"replies":[{"embeddable":true,"href":"https:\/\/www.europesays.com\/de\/wp-json\/wp\/v2\/comments?post=846853"}],"version-history":[{"count":0,"href":"https:\/\/www.europesays.com\/de\/wp-json\/wp\/v2\/posts\/846853\/revisions"}],"wp:featuredmedia":[{"embeddable":true,"href":"https:\/\/www.europesays.com\/de\/wp-json\/wp\/v2\/media\/843820"}],"wp:attachment":[{"href":"https:\/\/www.europesays.com\/de\/wp-json\/wp\/v2\/media?parent=846853"}],"wp:term":[{"taxonomy":"category","embeddable":true,"href":"https:\/\/www.europesays.com\/de\/wp-json\/wp\/v2\/categories?post=846853"},{"taxonomy":"post_tag","embeddable":true,"href":"https:\/\/www.europesays.com\/de\/wp-json\/wp\/v2\/tags?post=846853"}],"curies":[{"name":"wp","href":"https:\/\/api.w.org\/{rel}","templated":true}]}}