{"id":847105,"date":"2026-03-06T07:50:14","date_gmt":"2026-03-06T07:50:14","guid":{"rendered":"https:\/\/www.europesays.com\/de\/847105\/"},"modified":"2026-03-06T07:50:14","modified_gmt":"2026-03-06T07:50:14","slug":"esther-schweins-im-steckbrief-so-wurde-sie-beruehmt-unterhaltung","status":"publish","type":"post","link":"https:\/\/www.europesays.com\/de\/847105\/","title":{"rendered":"Esther Schweins im Steckbrief: So wurde sie ber\u00fchmt | Unterhaltung"},"content":{"rendered":"<p><a class=\"skip-content skip-content--link\" href=\"#in-content-skip-link-target-v-0-0\">TTS-Player \u00fcberspringen\u21b5<\/a><a id=\"in-content-skip-link-target-v-0-0\" class=\"skip-content--target-link-hidden skip-content skip-content--target-link\" href=\"#in-content-skip-link-target-v-0-0\">Artikel weiterlesen<\/a><\/p>\n<p><b>Esther Schweins war in den 1990er-Jahren ein bekanntes Gesicht in Film und Fernsehen. Ihr Talent f\u00fcr komische Produktionen sorgte f\u00fcr ihren Karrieresprung: Schweins war besonders beliebt, als sie Teil von Comedy- und Satire-Formaten wurde. Jahre sp\u00e4ter bewies sie, dass sie nicht nur vor, sondern auch hinter der Kamera gl\u00e4nzen kann. Als Regisseurin und Synchronsprecherin \u00fcberzeugt Schweins ebenfalls seit Jahren.<\/b><\/p>\n<p>Lesen Sie hier alles \u00fcber die Karriere und das Privatleben von Esther Schweins und was sie als N\u00e4chstes geplant hat. <\/p>\n<p>Steckbrief von Esther Schweins<\/p>\n<p><b>Name:<\/b> Esther Schweins<\/p>\n<p><b>Geburtstag:<\/b> 18. April in Oberhausen (<a href=\"https:\/\/www.bild.de\/leben-wissen\/horoskop\/sternzeichen-widder-was-ist-typisch-fuer-das-feurige-zeichen-62c536741a8dc6567194b2a4\" class=\"text-link\" rel=\"nofollow noopener\" target=\"_blank\">Sternzeichen Widder<\/a>)<\/p>\n<p><b>Beruf:<\/b> Schauspielerin, Moderatorin, Synchronsprecherin, Theaterregisseurin<\/p>\n<p><b>Wohnort:<\/b> Mallorca, Spanien<\/p>\n<p><b>Beziehungsstatus: <\/b>Single<\/p>\n<p><b>Instagram:<\/b> <a href=\"https:\/\/www.instagram.com\/estherschweins\/?hl=de\" target=\"_blank\" rel=\"nofollow noopener\" class=\"text-link--external text-link\">@estherschweins<\/a><\/p>\n<p>Werdegang von Esther Schweins<\/p>\n<p>Nach ihrem Schulabschluss begann <a href=\"https:\/\/www.bild.de\/themen\/personen\/esther-schweins\/fotos-video-kinofilme-starnews-15814516.bild.html\" class=\"text-link\" rel=\"nofollow noopener\" target=\"_blank\">Esther Schweins<\/a> Schauspielunterricht in Karlsruhe zu nehmen, wo sie schon erste B\u00fchnenerfahrung am Theater sammelte. Ihre Ausbildung setzte sie an der Westf\u00e4lischen Schauspielschule Bochum fort. Sie machte allerdings keinen Abschluss. <\/p>\n<p>Den Durchbruch im TV hatte Schweins in den fr\u00fchen 1990er-Jahren, als sie als Komikerin Teil der <a href=\"https:\/\/www.bild.de\/themen\/organisationen\/rtl\/groesster-privatsender-in-deutschland-19409690.bild.html\" class=\"text-link\" rel=\"nofollow noopener\" target=\"_blank\">RTL<\/a>-Show \u201eSamstag Nacht\u201c wurde. Dort erlangte sie schnell nationale Bekanntheit, insbesondere f\u00fcr ihre Parodien. Auch Kritiker lobten die Schauspielerin f\u00fcr ihr Talent in komischen Rollen: F\u00fcr ihre Leistungen erhielt sie 1994 sowohl den Bambi als auch den Bayerischen Fernsehpreis. <\/p>\n<p><img decoding=\"async\" width=\"992\" height=\"558\" alt=\"Esther Schweins in der Show \u201eSamstag Nacht\u201c (1993)\" src=\"https:\/\/www.europesays.com\/de\/wp-content\/uploads\/2026\/03\/35b4f0dd2db0982b0ee59b40999a847e,981697ed.jpeg\"   class=\"landscape\" loading=\"lazy\"\/><\/p>\n<p class=\"fig__caption__text\">Esther Schweins in der Show \u201eSamstag Nacht\u201c (1993)<\/p>\n<p>Foto: picture-alliance \/ dpa<\/p>\n<p>Parallel baute sie ihre Theaterlaufbahn aus: 2000 \u00fcbernahm sie die Regie f\u00fcr die deutsche Version des Einpersonenst\u00fccks \u201eCaveman\u201c, das in den folgenden Jahren auf zahlreichen B\u00fchnen aufgef\u00fchrt wurde. 2009 folgte mit \u201eHi Dad!\u201c eine weitere erfolgreiche Ein-Personen-Comedyproduktion. Seit 1994 war Schweins in \u00fcber 70 Film- und Fernsehproduktionen zu sehen. Zu ihren Kino-Highlights z\u00e4hlen \u201eDer Trip \u2013 Die nackte Gitarre 0,5\u201c oder \u201eDas Superweib\u201c.  In Fernsehfilmen und <a href=\"https:\/\/www.bild.de\/themen\/specials\/serien\/news-fotos-videos-17010920.bild.html\" class=\"text-link\" rel=\"nofollow noopener\" target=\"_blank\">Serien<\/a> wie \u201eTatort\u201c, \u201eAlles au\u00dfer Mord\u201c, \u201eBlutige Anf\u00e4nger\u201c und \u201eDie Kanzlei\u201c \u00fcbernahm sie wiederkehrende Haupt- und Nebenrollen. <\/p>\n<p>Eine besondere Rolle nahm au\u00dferdem ihre Arbeit als Synchronsprecherin ein: Zwischen 2001 und 2010 lieh sie Cameron Diaz in den Shrek-Filmen ihre Stimme als Prinzessin Fiona. <\/p>\n<p><img decoding=\"async\" width=\"992\" height=\"1178\" alt=\"Esther Schweins beim Deutschen Fernsehpreis (2025)\" src=\"https:\/\/www.europesays.com\/de\/wp-content\/uploads\/2026\/03\/060e1b9cfe6ba446564fc0df44f059c8,91f09a57.jpeg\"   class=\"portrait\" loading=\"lazy\"\/><\/p>\n<p class=\"fig__caption__text\">Esther Schweins beim Deutschen Fernsehpreis (2025)<\/p>\n<p>Foto: WireImage<\/p>\n<p>Nebenbei ist sie als Moderatorin und Speakerin t\u00e4tig. Seit 2021 betreibt Schweins gemeinsam mit Professor Dr. Martin M\u00fccke den Podcast \u201eUnglaublich krank\u201c, der sich mit seltenen Erkrankungen besch\u00e4ftigt und das Bewusstsein f\u00fcr diese Themen in der \u00d6ffentlichkeit st\u00e4rkt. <\/p>\n<p>In den vergangenen Jahren trat sie deutlich seltener im Fernsehen in Erscheinung. 2026 kommt nun endlich das Comeback: Esther Schweins betritt in der neuen Staffel von \u201e<a href=\"https:\/\/www.bild.de\/unterhaltung\/tv\/lets-dance\/lets-dance-alle-infos-76680554.bild.html\" class=\"text-link\" rel=\"nofollow noopener\" target=\"_blank\">Let\u2019s Dance<\/a>\u201c das Tanzparkett zusammen mit dem Profi-T\u00e4nzer <a href=\"https:\/\/www.bild.de\/unterhaltung\/stars-und-leute\/massimo-sinato-im-steckbrief-so-tickt-der-profitaenzer-65b2709cffecf144c9c12fb4\" class=\"text-link\" rel=\"nofollow noopener\" target=\"_blank\">Massimo Sinat\u00f3<\/a>.<\/p>\n<p>Esther Schweins \u00fcberlebte einen Tsunami<\/p>\n<p>Am zweiten Weihnachtsfeiertag 2004 \u00fcberlebte die Schauspielerin gemeinsam mit ihrer Mutter einen Tsunami in Sri Lanka. Sie befanden sich im Urlaub in der Inselnation, als die Flutwelle gro\u00dfe Teile der K\u00fcste verw\u00fcstete. Sie und ihre Mutter wurden in ihrem Hotel erfasst. Die beiden wurden mehrere hundert Meter von den Wassermassen getrieben und \u00fcberlebten nur knapp. Ihre Mutter erlitt vor Aufregung einen Herzinfarkt. <\/p>\n<p>Sp\u00e4ter sprach sie mehrfach dar\u00fcber, wie stark dieses Ereignis ihr Leben und ihre Priorit\u00e4ten ver\u00e4ndert habe. Schweins empfand au\u00dferdem gro\u00dfe Dankbarkeit f\u00fcr die Einheimischen, die sie und ihre Mutter gerettet und ins Krankenhaus gebracht hatten. Sie engagiert sich seitdem f\u00fcr Tsunami-Opfer in Sri Lanka. <\/p>\n<p><img decoding=\"async\" width=\"992\" height=\"558\" alt=\"Esther Schweins spricht als Moderatorin beim Deutschen Fernsehpreis 2023\" src=\"https:\/\/www.europesays.com\/de\/wp-content\/uploads\/2026\/03\/4ee266046d703a1465d1e7d96a61c532,33d5bd3d.jpeg\"   class=\"landscape\" loading=\"lazy\"\/><\/p>\n<p class=\"fig__caption__text\">Esther Schweins spricht als Moderatorin beim Deutschen Fernsehpreis 2023<\/p>\n<p>Foto: picture alliance\/dpa<\/p>\n<p>Privatleben von Esther Schweins<\/p>\n<p>Nach ihrem gro\u00dfen <a href=\"https:\/\/www.bild.de\/unterhaltung\/stars-und-leute\/esther-schweins-erst-bangte-sie-um-die-tochter-dann-starb-ihre-grosse-liebe-665826aef208e160d79f71ba\" class=\"text-link\" rel=\"nofollow noopener\" target=\"_blank\">Schicksalsschlag traf Esther Schweins<\/a> ihre gro\u00dfe Liebe und konnte wieder gl\u00fccklich sein: 2008 zog sie zum Landwirt Lorenzo nach Mallorca. Auf der gemeinsamen Finca und dem Hof fand sie das gro\u00dfe Gl\u00fcck abseits des Medienrummels. Das Paar war nie verheiratet. Gemeinsam haben sie zwei Kinder, Mina (2007) und Pau (2008). <\/p>\n<p>Doch das n\u00e4chste Ungl\u00fcck folgte 2017: Ihr Partner Lorenzo verstarb an den Folgen einer Darmkrebserkrankung. Mehrere Monate k\u00e4mpfte er gegen die Erkrankung, doch es gab keine Aussicht auf Heilung. In ihrem Buch \u201eUnglaublich krank: Seltene Krankheiten und was sie \u00fcber unseren K\u00f6rper verraten\u201c schreibt Schweins unter anderem \u00fcber den Verlust. Meditation und gute Ern\u00e4hrung gelten f\u00fcr sie als Weg zur St\u00e4rkung. <\/p>\n<p>Esther Schweins lebt mit ihren zwei Kindern alleine auf Mallorca und hat dort ihren Lebensmittelpunkt. <\/p>\n<p>Filme und Serien (Auswahl) von Esther Schweins<\/p>\n<ul class=\"unordered-list\">\n<li>\u201eDer Trip \u2013 Die nackte Gitarre 0,5\u201c (1996)<\/li>\n<li>\u201eDas Superweib\u201c (1996) <\/li>\n<li>\u201eH\u00f6llische Nachbarn\u201c (1998) <\/li>\n<li>\u201eH\u00f6llische Nachbarn\u00a0\u2013 nur Frauen sind schlimmer\u201c (2000) <\/li>\n<li>\u201eRTL Samstag Nacht\u201c (1993 \u2013 1998) <\/li>\n<li>\u201eBlutige Anf\u00e4nger\u201c (2020 \u2013 2024) <\/li>\n<li>\u201eDie Kanzlei\u201c seit 2020<\/li>\n<\/ul>\n<p><script async src=\"\/\/www.instagram.com\/embed.js\"><\/script><\/p>\n","protected":false},"excerpt":{"rendered":"TTS-Player \u00fcberspringen\u21b5Artikel weiterlesen Esther Schweins war in den 1990er-Jahren ein bekanntes Gesicht in Film und Fernsehen. Ihr Talent&hellip;\n","protected":false},"author":2,"featured_media":847106,"comment_status":"","ping_status":"","sticky":false,"template":"","format":"standard","meta":{"footnotes":"","_share_on_mastodon":"0"},"categories":[1776],"tags":[1801,29,214,30,5615,6686,1802,51856,188554,2286,215],"class_list":["post-847105","post","type-post","status-publish","format-standard","has-post-thumbnail","category-prominente","tag-celebrities","tag-deutschland","tag-entertainment","tag-germany","tag-let","tag-personen-steckbrief","tag-prominente","tag-rtl-aktuell","tag-schweins-esther","tag-seo-nicht-benutzen","tag-unterhaltung"],"share_on_mastodon":{"url":"https:\/\/pubeurope.com\/@de\/116181141304651679","error":""},"_links":{"self":[{"href":"https:\/\/www.europesays.com\/de\/wp-json\/wp\/v2\/posts\/847105","targetHints":{"allow":["GET"]}}],"collection":[{"href":"https:\/\/www.europesays.com\/de\/wp-json\/wp\/v2\/posts"}],"about":[{"href":"https:\/\/www.europesays.com\/de\/wp-json\/wp\/v2\/types\/post"}],"author":[{"embeddable":true,"href":"https:\/\/www.europesays.com\/de\/wp-json\/wp\/v2\/users\/2"}],"replies":[{"embeddable":true,"href":"https:\/\/www.europesays.com\/de\/wp-json\/wp\/v2\/comments?post=847105"}],"version-history":[{"count":0,"href":"https:\/\/www.europesays.com\/de\/wp-json\/wp\/v2\/posts\/847105\/revisions"}],"wp:featuredmedia":[{"embeddable":true,"href":"https:\/\/www.europesays.com\/de\/wp-json\/wp\/v2\/media\/847106"}],"wp:attachment":[{"href":"https:\/\/www.europesays.com\/de\/wp-json\/wp\/v2\/media?parent=847105"}],"wp:term":[{"taxonomy":"category","embeddable":true,"href":"https:\/\/www.europesays.com\/de\/wp-json\/wp\/v2\/categories?post=847105"},{"taxonomy":"post_tag","embeddable":true,"href":"https:\/\/www.europesays.com\/de\/wp-json\/wp\/v2\/tags?post=847105"}],"curies":[{"name":"wp","href":"https:\/\/api.w.org\/{rel}","templated":true}]}}