{"id":847223,"date":"2026-03-06T08:56:10","date_gmt":"2026-03-06T08:56:10","guid":{"rendered":"https:\/\/www.europesays.com\/de\/847223\/"},"modified":"2026-03-06T08:56:10","modified_gmt":"2026-03-06T08:56:10","slug":"demo-in-stuttgart-verfassungsschutz-erwartet-querdenker-und-rechtsextreme-nachrichten-aus-stuttgart","status":"publish","type":"post","link":"https:\/\/www.europesays.com\/de\/847223\/","title":{"rendered":"Demo in Stuttgart: Verfassungsschutz erwartet Querdenker und Rechtsextreme &#8211; Nachrichten aus Stuttgart"},"content":{"rendered":"<p><strong>Stuttgart<\/strong>. Die Querdenker-Szene mobilisiert f\u00fcr Samstag (07.03.) zu einer Demo auf dem Marienplatz in Stuttgart. Unsere Redaktion hat erfahren: Verfassungssch\u00fctzer erwarten eine \u00e4hnliche Konstellation wie ein Jahr zuvor, als Querdenker gemeinsam mit Rechtsextremisten durch Stuttgart zogen. Auch Gegenprotest wird erwartet. Das m\u00fcssen Sie wissen.<\/p>\n<p>Wer demonstriert am Samstag in Stuttgart?<\/p>\n<p>Zur Demo aufgerufen hat das B\u00fcndnis \u201eBaden-W\u00fcrttemberg steht auf\u201c. Geplant<\/p>\n","protected":false},"excerpt":{"rendered":"Stuttgart. Die Querdenker-Szene mobilisiert f\u00fcr Samstag (07.03.) zu einer Demo auf dem Marienplatz in Stuttgart. Unsere Redaktion hat&hellip;\n","protected":false},"author":2,"featured_media":847224,"comment_status":"","ping_status":"","sticky":false,"template":"","format":"standard","meta":{"footnotes":"","_share_on_mastodon":"0"},"categories":[1830],"tags":[1634,188571,3364,3387,507,29,28637,30,121,3395,14655,1441,188572],"class_list":["post-847223","post","type-post","status-publish","format-standard","has-post-thumbnail","category-stuttgart","tag-baden-wuerttemberg","tag-baden-wuerttemberg-steht-auf","tag-de","tag-demo","tag-demonstration","tag-deutschland","tag-gemeinsam-fuer-deutschland","tag-germany","tag-polizei","tag-querdenker","tag-schlossplatz","tag-stuttgart","tag-stuttgart-gegen-rechts"],"share_on_mastodon":{"url":"https:\/\/pubeurope.com\/@de\/116181400712138005","error":""},"_links":{"self":[{"href":"https:\/\/www.europesays.com\/de\/wp-json\/wp\/v2\/posts\/847223","targetHints":{"allow":["GET"]}}],"collection":[{"href":"https:\/\/www.europesays.com\/de\/wp-json\/wp\/v2\/posts"}],"about":[{"href":"https:\/\/www.europesays.com\/de\/wp-json\/wp\/v2\/types\/post"}],"author":[{"embeddable":true,"href":"https:\/\/www.europesays.com\/de\/wp-json\/wp\/v2\/users\/2"}],"replies":[{"embeddable":true,"href":"https:\/\/www.europesays.com\/de\/wp-json\/wp\/v2\/comments?post=847223"}],"version-history":[{"count":0,"href":"https:\/\/www.europesays.com\/de\/wp-json\/wp\/v2\/posts\/847223\/revisions"}],"wp:featuredmedia":[{"embeddable":true,"href":"https:\/\/www.europesays.com\/de\/wp-json\/wp\/v2\/media\/847224"}],"wp:attachment":[{"href":"https:\/\/www.europesays.com\/de\/wp-json\/wp\/v2\/media?parent=847223"}],"wp:term":[{"taxonomy":"category","embeddable":true,"href":"https:\/\/www.europesays.com\/de\/wp-json\/wp\/v2\/categories?post=847223"},{"taxonomy":"post_tag","embeddable":true,"href":"https:\/\/www.europesays.com\/de\/wp-json\/wp\/v2\/tags?post=847223"}],"curies":[{"name":"wp","href":"https:\/\/api.w.org\/{rel}","templated":true}]}}