{"id":847293,"date":"2026-03-06T09:35:13","date_gmt":"2026-03-06T09:35:13","guid":{"rendered":"https:\/\/www.europesays.com\/de\/847293\/"},"modified":"2026-03-06T09:35:13","modified_gmt":"2026-03-06T09:35:13","slug":"neue-sonderausstellung-als-die-karlsburg-kaserne-war-im-pfinzgaumuseum","status":"publish","type":"post","link":"https:\/\/www.europesays.com\/de\/847293\/","title":{"rendered":"Neue Sonderausstellung \u201eAls die Karlsburg Kaserne war\u201c im Pfinzgaumuseum"},"content":{"rendered":"<p>Die Soldaten mit den dunkelblauen Uniformen pr\u00e4gten fortan das Stadtbild und es fand ein reger Austausch zwischen dem Milit\u00e4r und der Bev\u00f6lkerung statt. Bis zum Ende des Ersten Weltkriegs blieb die Einheit in Durlach stationiert. Mit der Sonderausstellung widmet sich das Pfinzgaumuseum erstmals diesem spannenden Kapitel der Durlacher Milit\u00e4rgeschichte und pr\u00e4sentiert in seiner neuen Sonderausstellung \u201eAls die Karlsburg Kaserne war. Das Badische Train-Bataillon Nr. 14 in Durlach\u201c vom 14. M\u00e4rz bis 20. September 2026 vielf\u00e4ltige historische Sch\u00e4tze aus den eigenen Best\u00e4nden, aus dem Wehrgeschichtlichen Museum Rastatt sowie aus der Sammlung Widmann, aus der zahlreiche und besonders kostbare Objekte stammen.<\/p>\n<p>Historische Fotografien und Pl\u00e4ne f\u00fchren vor Augen, wo sich in Durlach fr\u00fcher Einrichtungen des Train-Bataillons befanden. Eine Vielzahl an Objekten wie Uniformen, Pickelhauben und S\u00e4bel l\u00e4dt dazu ein, die Aufgaben, die Ausr\u00fcstung und den Alltag der Soldaten kennenzulernen. Besucherinnen und Besucher k\u00f6nnen anhand zahlreicher pers\u00f6nlicher Gegenst\u00e4nde wie Reservistenkr\u00fcgen oder Fotoportr\u00e4ts erfahren, wie die Erfahrung der eigenen Dienstzeit und der Stolz auf das Bataillon in der Erinnerungskultur gepflegt wurden. Auch einzelne Soldatenschicksale w\u00e4hrend des Ersten Weltkriegs und das nachfolgende Ende Durlachs als Milit\u00e4rstandort k\u00f6nnen nachvollzogen werden.<\/p>\n<p>Der Eintrittspreis betr\u00e4gt zwei Euro, erm\u00e4\u00dfigt ein Euro.<\/p>\n<p>Kuratorinnenf\u00fchrung am 15. M\u00e4rz<\/p>\n<p>Bei einer Kuratorinnenf\u00fchrung am Sonntag, 15. M\u00e4rz 2026, um 15 Uhr f\u00fchrt Dr. Christiane Sutter durch die Sonderausstellung und vermittelt spannende Einblicke in eine vergangene Zeit, in der die Karlsburg als Kaserne diente und blau-uniformierte Soldaten ein allt\u00e4glicher Anblick auf Durlachs Stra\u00dfen waren. Eine Anmeldung ist nicht erforderlich, die Teilnahme an der F\u00fchrung im Eintrittspreis inbegriffen.<\/p>\n","protected":false},"excerpt":{"rendered":"Die Soldaten mit den dunkelblauen Uniformen pr\u00e4gten fortan das Stadtbild und es fand ein reger Austausch zwischen dem&hellip;\n","protected":false},"author":2,"featured_media":847294,"comment_status":"","ping_status":"","sticky":false,"template":"","format":"standard","meta":{"footnotes":"","_share_on_mastodon":"0"},"categories":[1844],"tags":[2076,1634,3364,29,20957,30,8903,48935,29640,188585],"class_list":["post-847293","post","type-post","status-publish","format-standard","has-post-thumbnail","category-karlsruhe","tag-ausstellung","tag-baden-wuerttemberg","tag-de","tag-deutschland","tag-durlach","tag-germany","tag-karlsruhe","tag-kaserne","tag-pfinzgaumuseum","tag-train-bataillon-nr-14"],"share_on_mastodon":{"url":"https:\/\/pubeurope.com\/@de\/116181554388965795","error":""},"_links":{"self":[{"href":"https:\/\/www.europesays.com\/de\/wp-json\/wp\/v2\/posts\/847293","targetHints":{"allow":["GET"]}}],"collection":[{"href":"https:\/\/www.europesays.com\/de\/wp-json\/wp\/v2\/posts"}],"about":[{"href":"https:\/\/www.europesays.com\/de\/wp-json\/wp\/v2\/types\/post"}],"author":[{"embeddable":true,"href":"https:\/\/www.europesays.com\/de\/wp-json\/wp\/v2\/users\/2"}],"replies":[{"embeddable":true,"href":"https:\/\/www.europesays.com\/de\/wp-json\/wp\/v2\/comments?post=847293"}],"version-history":[{"count":0,"href":"https:\/\/www.europesays.com\/de\/wp-json\/wp\/v2\/posts\/847293\/revisions"}],"wp:featuredmedia":[{"embeddable":true,"href":"https:\/\/www.europesays.com\/de\/wp-json\/wp\/v2\/media\/847294"}],"wp:attachment":[{"href":"https:\/\/www.europesays.com\/de\/wp-json\/wp\/v2\/media?parent=847293"}],"wp:term":[{"taxonomy":"category","embeddable":true,"href":"https:\/\/www.europesays.com\/de\/wp-json\/wp\/v2\/categories?post=847293"},{"taxonomy":"post_tag","embeddable":true,"href":"https:\/\/www.europesays.com\/de\/wp-json\/wp\/v2\/tags?post=847293"}],"curies":[{"name":"wp","href":"https:\/\/api.w.org\/{rel}","templated":true}]}}