{"id":847392,"date":"2026-03-06T10:29:34","date_gmt":"2026-03-06T10:29:34","guid":{"rendered":"https:\/\/www.europesays.com\/de\/847392\/"},"modified":"2026-03-06T10:29:34","modified_gmt":"2026-03-06T10:29:34","slug":"berliner-popsaengerin-jeanette-biedermann-ist-zum-ersten-mal-schwanger","status":"publish","type":"post","link":"https:\/\/www.europesays.com\/de\/847392\/","title":{"rendered":"Berliner Pops\u00e4ngerin Jeanette Biedermann ist zum ersten Mal schwanger"},"content":{"rendered":"<p class=\"tspCAnk tspCAnl\">Die Berliner Pops\u00e4ngerin und Schauspielerin aus \u201eGute Zeiten, schlechte Zeiten\u201c (GZSZ) Jeanette Biedermann ist zum ersten Mal schwanger. Das geht aus \u00fcbereinstimmenden Medienberichten unter Berufung auf das Management der 46-J\u00e4hrigen hervor. Laut \u201e<a href=\"https:\/\/www.bild.de\/unterhaltung\/stars-und-leute\/jeanette-biedermann-schwanger-mit-46-saengerin-erwartet-ihr-erstes-kind-69a7e921906b538390b65575\" target=\"_blank\" rel=\"noopener nofollow\" class=\"link link--external\" data-gtm-class=\"article-text-link\" data-gtm-val=\"external\" aria-describedby=\"message-target-blank\">Bild<\/a>\u201c befindet sich Biedermann bereits im vierten Monat ihrer Schwangerschaft.<\/p>\n<p class=\"tspCAnk\">Der Vater des Kindes ist demnach keine Person des \u00f6ffentlichen Lebens. Er war bereits vor rund einem Jahr regelm\u00e4\u00dfig mit Biedermann zu sehen. Im vergangenen Jahr hatte die Pops\u00e4ngerin ihre Trennung von J\u00f6rg Wei\u00dfelberg bekannt gegeben, mit dem sie seit 2012 verheiratet war.\u00a0<\/p>\n<p><a href=\"https:\/\/www.tagesspiegel.de\/wirtschaft\/karriere\/auf-der-suche-nach-einem-neuen-job-jetzt-auf-dem-karriereportal-tagesspiegel-jobs-die-besten-stellenangebote-entdecken-15127838.html?icid=single-topic_15321774___\" data-gtm-class=\"article-mzt-link\" class=\"tspCPoy\" rel=\"nofollow noopener\" target=\"_blank\">Auf der Suche nach einem neuen Job? Jetzt auf dem Karriereportal \u201eTagesspiegel Jobs\u201c die besten Stellenangebote\u00a0entdecken <\/a><\/p>\n<p class=\"tspCAnk\">Das Geschlecht des Kindes ist nicht bekannt. Biedermanns Management gab unter Verweis auf ihre Privatsph\u00e4re keine Informationen preis, die \u00fcber die Best\u00e4tigung hinausgingen.<\/p>\n<p class=\"tspYe7\">Empfohlener redaktioneller Inhalt<\/p>\n<p> An dieser Stelle finden Sie einen von unseren Redakteuren ausgew\u00e4hlten, externen Inhalt, der den Artikel f\u00fcr Sie mit zus\u00e4tzlichen Informationen anreichert. Sie k\u00f6nnen sich hier den externen Inhalt mit einem Klick anzeigen lassen oder wieder ausblenden. <\/p>\n<p> Externen Inhalt anzeigen <\/p>\n<p class=\"tspYfd\"> Ich bin damit einverstanden, dass mir der externe Inhalt angezeigt wird. Damit k\u00f6nnen personenbezogene Daten an Drittplattformen \u00fcbermittelt werden.  Mehr Informationen dazu erhalten Sie in den Datenschutz-Einstellungen. Diese finden Sie ganz unten auf unserer Seite im Footer, sodass Sie Ihre Einstellungen jederzeit verwalten oder widerrufen k\u00f6nnen. <\/p>\n<p class=\"tspCAnk\">Bereits im Jahr 2003 sagte Biedermann gegen\u00fcber \u201eBild\u201c: \u201eIch w\u00fcrde gern Mama werden. Am liebsten h\u00e4tte ich einen Jungen und ein M\u00e4dchen. F\u00fcr das Baby w\u00fcrde ich auch eine Gesangspause einlegen und erst einmal nur Mama sein. Babys brauchen ganz viel Liebe und Zeit.\u201c<\/p>\n<p>Mehr zu Stars in Berlin<a href=\"https:\/\/www.tagesspiegel.de\/kultur\/tag-10-bei-der-berlinale-die-normalisierung-der-menschlichkeit-15273366.html?icid=topic-list_15321774___\" data-gtm-class=\"article-mzt-link\" data-hydrate-fingerprint=\"09740a54944caac75fd2c0c63fd5c5df\" data-hydrate-props=\"{&amp;escapedquot;element&amp;escapedquot;:{&amp;escapedquot;type&amp;escapedquot;:&amp;escapedquot;relatedContent&amp;escapedquot;,&amp;escapedquot;fieldMap&amp;escapedquot;:{},&amp;escapedquot;relation&amp;escapedquot;:{&amp;escapedquot;fields&amp;escapedquot;:{&amp;escapedquot;isPaid&amp;escapedquot;:null},&amp;escapedquot;href&amp;escapedquot;:&amp;escapedquot;\/kultur\/tag-10-bei-der-berlinale-die-normalisierung-der-menschlichkeit-15273366.html&amp;escapedquot;,&amp;escapedquot;teaserTitle&amp;escapedquot;:{&amp;escapedquot;kicker&amp;escapedquot;:&amp;escapedquot;Tag 10 bei der Berlinale&amp;escapedquot;,&amp;escapedquot;headline&amp;escapedquot;:&amp;escapedquot;Die Normalisierung der Menschlichkeit&amp;escapedquot;},&amp;escapedquot;id&amp;escapedquot;:&amp;escapedquot;15273366&amp;escapedquot;,&amp;escapedquot;type&amp;escapedquot;:&amp;escapedquot;story&amp;escapedquot;},&amp;escapedquot;isPartOfList&amp;escapedquot;:true,&amp;escapedquot;topicListType&amp;escapedquot;:&amp;escapedquot;topic-list&amp;escapedquot;},&amp;escapedquot;showArrow&amp;escapedquot;:true}\" data-hydrate-slots=\"{&#039;default&#039;:[]}\" class=\"tspCPoy tspCSo5\" rel=\"nofollow noopener\" target=\"_blank\">Tag 10 bei der Berlinale Die Normalisierung der Menschlichkeit <\/a><a href=\"https:\/\/www.tagesspiegel.de\/berlin\/der-prominente-wochenruckblick-liess-sich-matthias-schweighofer-von-bad-bunny-inspirieren-15245233.html?icid=topic-list_15321774___\" data-gtm-class=\"article-mzt-link\" data-hydrate-fingerprint=\"09740a54944caac75fd2c0c63fd5c5df\" data-hydrate-props=\"{&amp;escapedquot;element&amp;escapedquot;:{&amp;escapedquot;type&amp;escapedquot;:&amp;escapedquot;relatedContent&amp;escapedquot;,&amp;escapedquot;fieldMap&amp;escapedquot;:{},&amp;escapedquot;relation&amp;escapedquot;:{&amp;escapedquot;fields&amp;escapedquot;:{&amp;escapedquot;isPaid&amp;escapedquot;:null},&amp;escapedquot;href&amp;escapedquot;:&amp;escapedquot;\/berlin\/der-prominente-wochenruckblick-liess-sich-matthias-schweighofer-von-bad-bunny-inspirieren-15245233.html&amp;escapedquot;,&amp;escapedquot;teaserTitle&amp;escapedquot;:{&amp;escapedquot;kicker&amp;escapedquot;:&amp;escapedquot;Der prominente Wochenr\u00fcckblick &amp;escapedquot;,&amp;escapedquot;headline&amp;escapedquot;:&amp;escapedquot;Lie\u00df sich Matthias Schweigh\u00f6fer von Bad Bunny inspirieren? &amp;escapedquot;},&amp;escapedquot;id&amp;escapedquot;:&amp;escapedquot;15245233&amp;escapedquot;,&amp;escapedquot;type&amp;escapedquot;:&amp;escapedquot;story&amp;escapedquot;},&amp;escapedquot;isPartOfList&amp;escapedquot;:true,&amp;escapedquot;topicListType&amp;escapedquot;:&amp;escapedquot;topic-list&amp;escapedquot;},&amp;escapedquot;showArrow&amp;escapedquot;:true}\" data-hydrate-slots=\"{&#039;default&#039;:[]}\" class=\"tspCPoy tspCSo5\" rel=\"nofollow noopener\" target=\"_blank\">Der prominente Wochenr\u00fcckblick  Lie\u00df sich Matthias Schweigh\u00f6fer von Bad Bunny inspirieren?  <\/a><a href=\"https:\/\/www.tagesspiegel.de\/berlin\/mode-auf-dem-roten-teppich-das-waren-die-aufregendsten-looks-der-berlinale-stars-15247298.html?icid=topic-list_15321774___\" data-gtm-class=\"article-mzt-link\" data-hydrate-fingerprint=\"09740a54944caac75fd2c0c63fd5c5df\" data-hydrate-props=\"{&amp;escapedquot;element&amp;escapedquot;:{&amp;escapedquot;type&amp;escapedquot;:&amp;escapedquot;relatedContent&amp;escapedquot;,&amp;escapedquot;fieldMap&amp;escapedquot;:{},&amp;escapedquot;relation&amp;escapedquot;:{&amp;escapedquot;fields&amp;escapedquot;:{&amp;escapedquot;isPaid&amp;escapedquot;:true},&amp;escapedquot;href&amp;escapedquot;:&amp;escapedquot;\/berlin\/mode-auf-dem-roten-teppich-das-waren-die-aufregendsten-looks-der-berlinale-stars-15247298.html&amp;escapedquot;,&amp;escapedquot;teaserTitle&amp;escapedquot;:{&amp;escapedquot;kicker&amp;escapedquot;:&amp;escapedquot;Mode auf dem roten Teppich&amp;escapedquot;,&amp;escapedquot;headline&amp;escapedquot;:&amp;escapedquot;Das waren die aufregendsten Looks der Berlinale-Stars&amp;escapedquot;},&amp;escapedquot;id&amp;escapedquot;:&amp;escapedquot;15247298&amp;escapedquot;,&amp;escapedquot;type&amp;escapedquot;:&amp;escapedquot;story&amp;escapedquot;},&amp;escapedquot;isPartOfList&amp;escapedquot;:true,&amp;escapedquot;topicListType&amp;escapedquot;:&amp;escapedquot;topic-list&amp;escapedquot;},&amp;escapedquot;showArrow&amp;escapedquot;:true}\" data-hydrate-slots=\"{&#039;default&#039;:[]}\" class=\"tspCPoy tspCSo5\" rel=\"nofollow noopener\" target=\"_blank\">Mode auf dem roten Teppich Das waren die aufregendsten Looks der Berlinale-Stars <\/a><\/p>\n<p class=\"tspCAnk\">Biedermann hat bereits mehrere Alben ver\u00f6ffentlicht, darunter zwei, die mit Platin-Schallplatten ausgezeichnet wurden. Sie spielte rund f\u00fcnf Jahre lang bei der Seifenoper GZSZ mit und erreichte 2025 den siebten Platz bei der RTL-Tanzshow \u201eLet\u2019s Dance\u201c. (Tsp)<\/p>\n","protected":false},"excerpt":{"rendered":"Die Berliner Pops\u00e4ngerin und Schauspielerin aus \u201eGute Zeiten, schlechte Zeiten\u201c (GZSZ) Jeanette Biedermann ist zum ersten Mal schwanger.&hellip;\n","protected":false},"author":2,"featured_media":847393,"comment_status":"","ping_status":"","sticky":false,"template":"","format":"standard","meta":{"footnotes":"","_share_on_mastodon":"0"},"categories":[1825],"tags":[296,29,30,2272,834],"class_list":["post-847392","post","type-post","status-publish","format-standard","has-post-thumbnail","category-berlin","tag-berlin","tag-deutschland","tag-germany","tag-popstar","tag-schwangerschaft"],"share_on_mastodon":{"url":"https:\/\/pubeurope.com\/@de\/116181766539761366","error":""},"_links":{"self":[{"href":"https:\/\/www.europesays.com\/de\/wp-json\/wp\/v2\/posts\/847392","targetHints":{"allow":["GET"]}}],"collection":[{"href":"https:\/\/www.europesays.com\/de\/wp-json\/wp\/v2\/posts"}],"about":[{"href":"https:\/\/www.europesays.com\/de\/wp-json\/wp\/v2\/types\/post"}],"author":[{"embeddable":true,"href":"https:\/\/www.europesays.com\/de\/wp-json\/wp\/v2\/users\/2"}],"replies":[{"embeddable":true,"href":"https:\/\/www.europesays.com\/de\/wp-json\/wp\/v2\/comments?post=847392"}],"version-history":[{"count":0,"href":"https:\/\/www.europesays.com\/de\/wp-json\/wp\/v2\/posts\/847392\/revisions"}],"wp:featuredmedia":[{"embeddable":true,"href":"https:\/\/www.europesays.com\/de\/wp-json\/wp\/v2\/media\/847393"}],"wp:attachment":[{"href":"https:\/\/www.europesays.com\/de\/wp-json\/wp\/v2\/media?parent=847392"}],"wp:term":[{"taxonomy":"category","embeddable":true,"href":"https:\/\/www.europesays.com\/de\/wp-json\/wp\/v2\/categories?post=847392"},{"taxonomy":"post_tag","embeddable":true,"href":"https:\/\/www.europesays.com\/de\/wp-json\/wp\/v2\/tags?post=847392"}],"curies":[{"name":"wp","href":"https:\/\/api.w.org\/{rel}","templated":true}]}}