{"id":847512,"date":"2026-03-06T11:36:17","date_gmt":"2026-03-06T11:36:17","guid":{"rendered":"https:\/\/www.europesays.com\/de\/847512\/"},"modified":"2026-03-06T11:36:17","modified_gmt":"2026-03-06T11:36:17","slug":"so-wird-friedrichstadt-zu-einem-zukunftsviertel","status":"publish","type":"post","link":"https:\/\/www.europesays.com\/de\/847512\/","title":{"rendered":"So wird Friedrichstadt zu einem Zukunftsviertel"},"content":{"rendered":"<p class=\"text_ohne_einzug richtext text-em-55 !leading-serif mx-6 desktop:mx-0\">D\u00fcsseldorf verfolgt das Ziel, bis 2035 klimaneutral zu werden. Als Pilotquartier auf diesem Weg soll Friedrichstadt zum Zukunftsviertel werden. Dort sollen Konzepte entwickelt werden, die dann auch anderswo angewendet werden k\u00f6nnen. Zum Auftakt des Projekts l\u00e4dt die Stadt D\u00fcsseldorf am Mittwoch, 18. M\u00e4rz, von 17 bis 19 Uhr zu einer \u00f6ffentlichen Informationsveranstaltung in die Regenbogenschule, Kirchfeldstra\u00dfe 74-80, ein. Die Teilnahme an der Veranstaltung ist kostenlos, eine Anmeldung ist nicht erforderlich.<\/p>\n","protected":false},"excerpt":{"rendered":"D\u00fcsseldorf verfolgt das Ziel, bis 2035 klimaneutral zu werden. Als Pilotquartier auf diesem Weg soll Friedrichstadt zum Zukunftsviertel&hellip;\n","protected":false},"author":2,"featured_media":847513,"comment_status":"","ping_status":"","sticky":false,"template":"","format":"standard","meta":{"footnotes":"","_share_on_mastodon":"0"},"categories":[1831],"tags":[85323,3364,29,3405,22840,20053,21680,30,139252,22838,28112,1209,171995,37386,15807,188613],"class_list":["post-847512","post","type-post","status-publish","format-standard","has-post-thumbnail","category-duesseldorf","tag-85323","tag-de","tag-deutschland","tag-duesseldorf","tag-einbringen","tag-fachleute","tag-friedrichstadt","tag-germany","tag-gezielte","tag-ideen","tag-informieren","tag-nordrhein-westfalen","tag-quartiers","tag-quartiersentwicklung","tag-ziel","tag-zukunftsviertel"],"share_on_mastodon":{"url":"https:\/\/pubeurope.com\/@de\/116182029775724602","error":""},"_links":{"self":[{"href":"https:\/\/www.europesays.com\/de\/wp-json\/wp\/v2\/posts\/847512","targetHints":{"allow":["GET"]}}],"collection":[{"href":"https:\/\/www.europesays.com\/de\/wp-json\/wp\/v2\/posts"}],"about":[{"href":"https:\/\/www.europesays.com\/de\/wp-json\/wp\/v2\/types\/post"}],"author":[{"embeddable":true,"href":"https:\/\/www.europesays.com\/de\/wp-json\/wp\/v2\/users\/2"}],"replies":[{"embeddable":true,"href":"https:\/\/www.europesays.com\/de\/wp-json\/wp\/v2\/comments?post=847512"}],"version-history":[{"count":0,"href":"https:\/\/www.europesays.com\/de\/wp-json\/wp\/v2\/posts\/847512\/revisions"}],"wp:featuredmedia":[{"embeddable":true,"href":"https:\/\/www.europesays.com\/de\/wp-json\/wp\/v2\/media\/847513"}],"wp:attachment":[{"href":"https:\/\/www.europesays.com\/de\/wp-json\/wp\/v2\/media?parent=847512"}],"wp:term":[{"taxonomy":"category","embeddable":true,"href":"https:\/\/www.europesays.com\/de\/wp-json\/wp\/v2\/categories?post=847512"},{"taxonomy":"post_tag","embeddable":true,"href":"https:\/\/www.europesays.com\/de\/wp-json\/wp\/v2\/tags?post=847512"}],"curies":[{"name":"wp","href":"https:\/\/api.w.org\/{rel}","templated":true}]}}