{"id":847670,"date":"2026-03-06T13:02:13","date_gmt":"2026-03-06T13:02:13","guid":{"rendered":"https:\/\/www.europesays.com\/de\/847670\/"},"modified":"2026-03-06T13:02:13","modified_gmt":"2026-03-06T13:02:13","slug":"noch-fast-20-grad-bald-droht-schnee-und-frost","status":"publish","type":"post","link":"https:\/\/www.europesays.com\/de\/847670\/","title":{"rendered":"Noch fast 20 Grad \u2013 bald droht Schnee und Frost"},"content":{"rendered":"<p class=\"text-18 leading-17 user-text-lg:text-22 user-text-xl:text-24\">In K\u00f6ln wird dagegen vor allem Regen herunterkommen, bis Mitte M\u00e4rz erwarten die Meteorologen teils bis zu 50 Liter Regen pro Quadratmeter, vor allem im Umland. Wettermodelle sind noch keine genaue Wetterprognose, sondern geben nur einen ungef\u00e4hren Ausblick auf die Entwicklung der Wetterlage in den kommenden Tagen und Wochen.<\/p>\n<p class=\"text-18 leading-17 user-text-lg:text-22 user-text-xl:text-24\">Seit vergangener Woche hat ein Fr\u00fchlingshoch K\u00f6ln und weite Teile von Nordrhein-Westfalen erreicht, tags\u00fcber steigen die Temperaturen teils auf H\u00f6chstwerte von mehr als 20 Grad. Nachts bleibt es dagegen eisig, bereits in den vergangenen Tagen hatte der DWD vor allem in Tal- und Muldenlagen mit Bodenfrost gerechnet.<\/p>\n","protected":false},"excerpt":{"rendered":"In K\u00f6ln wird dagegen vor allem Regen herunterkommen, bis Mitte M\u00e4rz erwarten die Meteorologen teils bis zu 50&hellip;\n","protected":false},"author":2,"featured_media":651511,"comment_status":"","ping_status":"","sticky":false,"template":"","format":"standard","meta":{"footnotes":"","_share_on_mastodon":"0"},"categories":[1828],"tags":[1424,513,33154,950,29,9056,3405,4906,1418,157711,2214,30,1420,8120,1209,33548,27551,13619,33547,21744,4888,2256,2257,5415,2255],"class_list":["post-847670","post","type-post","status-publish","format-standard","has-post-thumbnail","category-koeln","tag-aachen","tag-auto","tag-bodenfrost","tag-deutscher-wetterdienst","tag-deutschland","tag-dueren","tag-duesseldorf","tag-dwd","tag-eifel","tag-eiszapfen","tag-euskirchen","tag-germany","tag-koeln","tag-minusgrad","tag-nordrhein-westfalen","tag-oberbergischer-kreis","tag-rhein-erft-kreis","tag-rhein-sieg-kreis","tag-rheinisch-bergischer-kreis","tag-sauerland","tag-temperatursturz","tag-wetterausblick","tag-wetterlage","tag-wetterprognose","tag-wettervorhersage"],"share_on_mastodon":{"url":"https:\/\/pubeurope.com\/@de\/116182368021735859","error":""},"_links":{"self":[{"href":"https:\/\/www.europesays.com\/de\/wp-json\/wp\/v2\/posts\/847670","targetHints":{"allow":["GET"]}}],"collection":[{"href":"https:\/\/www.europesays.com\/de\/wp-json\/wp\/v2\/posts"}],"about":[{"href":"https:\/\/www.europesays.com\/de\/wp-json\/wp\/v2\/types\/post"}],"author":[{"embeddable":true,"href":"https:\/\/www.europesays.com\/de\/wp-json\/wp\/v2\/users\/2"}],"replies":[{"embeddable":true,"href":"https:\/\/www.europesays.com\/de\/wp-json\/wp\/v2\/comments?post=847670"}],"version-history":[{"count":0,"href":"https:\/\/www.europesays.com\/de\/wp-json\/wp\/v2\/posts\/847670\/revisions"}],"wp:featuredmedia":[{"embeddable":true,"href":"https:\/\/www.europesays.com\/de\/wp-json\/wp\/v2\/media\/651511"}],"wp:attachment":[{"href":"https:\/\/www.europesays.com\/de\/wp-json\/wp\/v2\/media?parent=847670"}],"wp:term":[{"taxonomy":"category","embeddable":true,"href":"https:\/\/www.europesays.com\/de\/wp-json\/wp\/v2\/categories?post=847670"},{"taxonomy":"post_tag","embeddable":true,"href":"https:\/\/www.europesays.com\/de\/wp-json\/wp\/v2\/tags?post=847670"}],"curies":[{"name":"wp","href":"https:\/\/api.w.org\/{rel}","templated":true}]}}