{"id":847709,"date":"2026-03-06T13:25:14","date_gmt":"2026-03-06T13:25:14","guid":{"rendered":"https:\/\/www.europesays.com\/de\/847709\/"},"modified":"2026-03-06T13:25:14","modified_gmt":"2026-03-06T13:25:14","slug":"baden-wuerttemberg-manuel-hagel-verteidigt-harsche-reaktion-auf-lehrerin","status":"publish","type":"post","link":"https:\/\/www.europesays.com\/de\/847709\/","title":{"rendered":"Baden-W\u00fcrttemberg: Manuel Hagel verteidigt harsche Reaktion auf Lehrerin"},"content":{"rendered":"<p class=\"paragraph article__item\">Der <a href=\"https:\/\/www.zeit.de\/politik\/deutschland\/2025-10\/sonntagsfrage-landtagswahlen-2026-wahltrends-umfrage\" target=\"_blank\" rel=\"nofollow noopener\">CDU-Spitzenkandidat in Baden-W\u00fcrttemberg<\/a>, Manuel Hagel, hat sein Verhalten in einem Fernsehbeitrag gegen\u00fcber einer Lehrerin verteidigt. Manchmal sage man &#8222;im Eifer des Gefechts&#8220; etwas, wo man hinterher denke, &#8222;das h\u00e4tte man auch freundlicher sagen k\u00f6nnen&#8220;, sagte Hagel dem Sender Welt. &#8222;Ich bin ja jetzt auch kein Roboter, sondern ein Mensch mit ganz normalen Gef\u00fchlen.&#8220;\n<\/p>\n<p class=\"paragraph article__item\">In einem Beitrag im ARD-Mittagsmagazin hatte eine Lehrerin bei einem Besuch in einer Schule ihm eine Frage gestellt. Hagel fiel ihr ins Wort und wies die Frage mit dem Satz &#8222;Jetzt spreche ich gerade mit den Sch\u00fclern&#8220; ab.\n<\/p>\n<p class=\"paragraph article__item\">Die Sch\u00fcler in der Klasse h\u00e4tten an dem<br \/>\nTag viele wichtige Fragen an ihn gehabt, die er habe diskutieren<br \/>\nwollen, sagte Hagel. &#8222;Was nat\u00fcrlich jetzt leider nicht gezeigt worden ist, waren die<br \/>\neinige Male vorher, wo mir die Lehrerin ins Wort gefallen ist. Und<br \/>\nirgendwann habe ich dann mal gesagt, ich w\u00fcrde gerne mit den Kindern<br \/>\nsprechen \u2013 weil das ist ja auch der Sinn von einem Schulbesuch&#8220;, sagte er.\n<\/p>\n<p>        Lehrerin kritisierte bisherige Regierungspolitik        <\/p>\n<p class=\"paragraph article__item\">Das TV-Team hatte Hagel im Rahmen einer Serie \u00fcber die Spitzenkandidaten zur <a href=\"https:\/\/www.zeit.de\/politik\/deutschland\/2026-03\/afd-baden-wuerttemberg-waehler-landtagswahl-wahlkampf\" target=\"_blank\" rel=\"nofollow noopener\">Landtagswahl<\/a> begleitet. Der am Montag ausgestrahlte Beitrag zeigt den 37-J\u00e4hrigen bei dem zweist\u00fcndigen Besuch in einer Gemeinschaftsschule in Stuttgart. Die Lehrerin, deren Klasse er besucht, zeigt sich in dem Beitrag kritisch gegen\u00fcber Hagel und stellt auch immer wieder Fragen \u2013 etwa, als es um die CDU-Forderung nach einem beitragsfreien Pflichtjahr im Kindergarten ging.\n<\/p>\n<p>Landtagswahl<\/p>\n<p>            Baden-W\u00fcrttemberg        <\/p>\n<p>                <a href=\"https:\/\/www.zeit.de\/politik\/deutschland\/2025-10\/sonntagsfrage-landtagswahlen-2026-wahltrends-umfrage\" data-ct-label=\"Wahlumfragen zu Landtagswahlen: So schneiden die Parteien in den Bundesl\u00e4ndern derzeit ab\" data-uuid=\"5bad204f-0d75-46fe-a842-d9a5d9f6fc1d\" rel=\"nofollow noopener\" target=\"_blank\"><\/p>\n<p>        Z+ (abopflichtiger Inhalt);<\/p>\n<p>    Wahlumfragen zu Landtagswahlen:<br \/>\n                        So schneiden die Parteien in den Bundesl\u00e4ndern derzeit ab<\/p>\n<p>                <\/a><\/p>\n<p>                <a href=\"https:\/\/www.zeit.de\/politik\/deutschland\/2026-03\/afd-baden-wuerttemberg-waehler-landtagswahl-wahlkampf\" data-ct-label=\"AfD in Baden-W\u00fcrttemberg: Einige der reichsten Gegenden Deutschlands \u2013 und um die 30 Prozent AfD\" data-uuid=\"024e3a01-e895-4730-afb7-6f2abef63fc2\" rel=\"nofollow noopener\" target=\"_blank\"><\/p>\n<p>        Z+ (abopflichtiger Inhalt);<\/p>\n<p>    AfD in Baden-W\u00fcrttemberg:<br \/>\n                        Einige der reichsten Gegenden Deutschlands \u2013 und um die 30 Prozent AfD<\/p>\n<p>                <\/a><\/p>\n<p class=\"paragraph article__item\">&#8222;Seit zehn Jahren sind Sie doch an der Landesregierung, deswegen wundert es mich, warum da so lange nicht reagiert wurde&#8220;, sagte die Lehrerin zu Hagel. &#8222;Ja, was ist denn die Alternative \u2013 dass wir jetzt nichts machen?&#8220;, erwiderte Hagel. &#8222;Ich habe halt einfach die Bef\u00fcrchtung, angenommen, Sie k\u00f6nnten weiterhin mitregieren, dass das alles Blabla war im Wahlkampf&#8220;, sagte die Lehrerin. Als die Frau zum Thema Inklusion und Personalmangel eine Frage stellen wollte, kam es zu der abweisenden Reaktion Hagels.\n<\/p>\n<p>                        Hagel wegen fr\u00fcherem Video unter Druck        <\/p>\n<p class=\"paragraph article__item\">Ende Februar war Hagel bereits wegen eines mehrere Jahre alten Interviews unter Druck geraten. Dieses war nach einem Besuch Hagels in einer Schulklasse entstanden. Der CDU-Politiker hatte damals gesagt, die Klasse habe zu 80 Prozent aus M\u00e4dchen bestanden \u2013 &#8222;also da gibt&#8217;s f\u00fcr 29-j\u00e4hrige Abgeordnete schlimmere Termine als diesen&#8220;. Eine der Sch\u00fclerinnen habe ihm eine Frage gestellt, das werde er &#8222;nie vergessen&#8220;. Er nannte ihren Vornamen und beschrieb ihr Aussehen mit den Worten &#8222;braune Haare, rehbraune Augen&#8220;.\n<\/p>\n<p>                            \u00a9\u00a0Lea Dohle<\/p>\n<p>\n                                        Newsletter<br \/>\n                                        Was jetzt? \u2013 Der t\u00e4gliche Morgen\u00fcberblick<\/p>\n<p class=\"newsletter-signup__text\">Starten Sie mit unserem kurzen Nachrichten-Newsletter in den Tag. Erhalten Sie zudem freitags das digitale Magazin ZEIT am Wochenende.<\/p>\n<p class=\"newsletter-signup__datapolicy\" hidden=\"\">\n            Mit Ihrer Registrierung nehmen Sie die <a href=\"https:\/\/datenschutz.zeit.de\/zon#Newsletter\" target=\"_blank\" rel=\"nofollow noopener\">Datenschutzerkl\u00e4rung<\/a> zur Kenntnis.\n        <\/p>\n<p>    Vielen Dank! Wir haben Ihnen eine E-Mail geschickt.<\/p>\n<p>Pr\u00fcfen Sie Ihr Postfach und best\u00e4tigen Sie das Newsletter-Abonnement.<\/p>\n<p class=\"paragraph article__item\">Hagel tritt am Sonntag f\u00fcr die <a class=\"rtr-entity\" href=\"https:\/\/www.zeit.de\/thema\/cdu\" rel=\"nofollow noopener\" target=\"_blank\">CDU<\/a> bei der Landtagswahl in <a href=\"https:\/\/www.zeit.de\/thema\/baden-wuerttemberg\" target=\"_blank\" rel=\"nofollow noopener\">Baden-W\u00fcrttemberg<\/a> an. Das aktuelle ZDF-Politbarometer sieht die <a href=\"https:\/\/www.zeit.de\/politik\/deutschland\/2025-10\/sonntagsfrage-landtagswahlen-2026-wahltrends-umfrage\" target=\"_blank\" rel=\"nofollow noopener\">CDU und die Gr\u00fcnen gleichauf<\/a> bei 28<br \/>\nProzent. So k\u00f6nnten nach der Wahl beide Parteien erneut eine<br \/>\nKoalition in Baden-W\u00fcrttemberg bilden \u2013 die st\u00e4rkste Partei<br \/>\nstellt dann voraussichtlich den Ministerpr\u00e4sidenten. Spitzenkandidat f\u00fcr die Gr\u00fcnen ist <a href=\"https:\/\/www.zeit.de\/politik\/deutschland\/2026-03\/baden-wuerttemberg-gruene-cdu-cem-oezdemir-gxe\" target=\"_blank\" rel=\"nofollow noopener\">Cem \u00d6zdemir<\/a>.<\/p>\n","protected":false},"excerpt":{"rendered":"Der CDU-Spitzenkandidat in Baden-W\u00fcrttemberg, Manuel Hagel, hat sein Verhalten in einem Fernsehbeitrag gegen\u00fcber einer Lehrerin verteidigt. Manchmal sage&hellip;\n","protected":false},"author":2,"featured_media":847710,"comment_status":"","ping_status":"","sticky":false,"template":"","format":"standard","meta":{"footnotes":"","_share_on_mastodon":"0"},"categories":[2],"tags":[1634,31,29,7454,30,13,19399,4850,33099,14,15,16,12,966,10,8,9,11],"class_list":["post-847709","post","type-post","status-publish","format-standard","has-post-thumbnail","category-deutschland","tag-baden-wuerttemberg","tag-cdu","tag-deutschland","tag-gefecht","tag-germany","tag-headlines","tag-landtagswahl","tag-lehrer","tag-manuel-hagel","tag-nachrichten","tag-news","tag-politik","tag-schlagzeilen","tag-schule","tag-top-news","tag-top-meldungen","tag-topmeldungen","tag-topnews"],"share_on_mastodon":{"url":"https:\/\/pubeurope.com\/@de\/116182459114079087","error":""},"_links":{"self":[{"href":"https:\/\/www.europesays.com\/de\/wp-json\/wp\/v2\/posts\/847709","targetHints":{"allow":["GET"]}}],"collection":[{"href":"https:\/\/www.europesays.com\/de\/wp-json\/wp\/v2\/posts"}],"about":[{"href":"https:\/\/www.europesays.com\/de\/wp-json\/wp\/v2\/types\/post"}],"author":[{"embeddable":true,"href":"https:\/\/www.europesays.com\/de\/wp-json\/wp\/v2\/users\/2"}],"replies":[{"embeddable":true,"href":"https:\/\/www.europesays.com\/de\/wp-json\/wp\/v2\/comments?post=847709"}],"version-history":[{"count":0,"href":"https:\/\/www.europesays.com\/de\/wp-json\/wp\/v2\/posts\/847709\/revisions"}],"wp:featuredmedia":[{"embeddable":true,"href":"https:\/\/www.europesays.com\/de\/wp-json\/wp\/v2\/media\/847710"}],"wp:attachment":[{"href":"https:\/\/www.europesays.com\/de\/wp-json\/wp\/v2\/media?parent=847709"}],"wp:term":[{"taxonomy":"category","embeddable":true,"href":"https:\/\/www.europesays.com\/de\/wp-json\/wp\/v2\/categories?post=847709"},{"taxonomy":"post_tag","embeddable":true,"href":"https:\/\/www.europesays.com\/de\/wp-json\/wp\/v2\/tags?post=847709"}],"curies":[{"name":"wp","href":"https:\/\/api.w.org\/{rel}","templated":true}]}}