{"id":848139,"date":"2026-03-06T17:24:17","date_gmt":"2026-03-06T17:24:17","guid":{"rendered":"https:\/\/www.europesays.com\/de\/848139\/"},"modified":"2026-03-06T17:24:17","modified_gmt":"2026-03-06T17:24:17","slug":"martin-walde-bezieht-nach-ausstieg-arbeitslosengeld","status":"publish","type":"post","link":"https:\/\/www.europesays.com\/de\/848139\/","title":{"rendered":"Martin Walde bezieht nach Ausstieg Arbeitslosengeld"},"content":{"rendered":"<p>Radikale Entscheidung <\/p>\n<p>Ex-&#8222;Sturm der Liebe&#8220;-Star Martin Walde bezieht Arbeitslosengeld<\/p>\n<p>06.03.2026 &#8211; 14:58 UhrLesedauer: 2 Min.<\/p>\n<p><a href=\"#focus-0\" class=\"transition-colors duration-200 block text-current relative\" data-sctrack=\"FocusGalleryImage.Reference\"><img fetchpriority=\"high\" data-testid=\"Opener.Image\" style=\"--lqipURL:url('https:\/\/images.t-online.de\/2024\/05\/n8fxNWBVw39S\/582x265:1337x752\/fit-in\/150x0\/filters:blur(25)\/martin-walde-in-der-ard-telenovela-sturm-der-liebe-war-er-als-tierarzt-vincent-ritter-zu-sehen.jpg')\"   loading=\"eager\" src=\"https:\/\/www.europesays.com\/de\/wp-content\/uploads\/2026\/03\/martin-walde-in-der-ard-telenovela-sturm-der-liebe-war-er-als-tierarzt-vincent-ritter-zu-sehen.jpg\" alt=\"Martin Walde: In der ARD-Telenovela &quot;Sturm der Liebe&quot; war er als Tierarzt Vincent Ritter zu sehen.\" title=\"Martin Walde: In der ARD-Telenovela &quot;Sturm der Liebe&quot; war er als Tierarzt Vincent Ritter zu sehen.\" width=\"1337\" height=\"752\" class=\"bg-[url:var(--lqipURL)] bg-cover bg-center flex h-full w-full max-w-full\" decoding=\"async\"\/><img style=\"--width:32;--height:32\" loading=\"lazy\" src=\"https:\/\/www.t-online.de\/s\/paper\/_next\/static\/media\/zoom-in.f7dae02f.svg\" alt=\"Vergr\u00f6\u00dfern des Bildes\" title=\"Vergr\u00f6\u00dfern des Bildes\" class=\"block h-[calc(var(--height)_\/_16_*_1rem)] w-[calc(var(--width)_\/_16_*_1rem)] max-w-none absolute bottom-8 right-8 rounded-4 bg-snow p-8\" decoding=\"async\"\/><\/a><\/p>\n<p>Martin Walde: Er stieg bewusst aus der ARD-Telenovela &#8222;Sturm der Liebe&#8220; aus. (Quelle: Hannes Magerstaedt \/ Getty Images)<\/p>\n<p class=\"font-bold text-18 leading-17 user-text-lg:text-22 user-text-xl:text-24\">Noch ist Martin Walde bei &#8222;Sturm der Liebe&#8220; als Tierarzt Dr. Vincent Ritter zu sehen. Doch inzwischen ist er ausgestiegen \u2013 f\u00fcr seine Tochter.<\/p>\n<p class=\"text-18 leading-17 user-text-lg:text-22 user-text-xl:text-24\">Um seine Vaterrolle genie\u00dfen zu k\u00f6nnen, traf Martin Walde eine radikale Entscheidung. Er gab seinen Job bei &#8222;Sturm der Liebe&#8220; auf und bezieht derzeit <a class=\"transition-colors duration-200 cursor-pointer text-inherit no-underline text-salemsfur md:hover:text-magenta md:hover:border-magenta md:focus:text-magenta border-current border-b border-solid break-words\" data-tracking=\"{&quot;action&quot;:&quot;click&quot;,&quot;category&quot;:&quot;intextLink&quot;,&quot;label&quot;:&quot;\/themen\/arbeitslosengeld\/&quot;}\" href=\"https:\/\/www.t-online.de\/themen\/arbeitslosengeld\/\" data-sctrack=\"BodyAnchor\" rel=\"nofollow noopener\" target=\"_blank\">Arbeitslosengeld<\/a>. Im Podcast &#8222;Ein Zimmer f\u00fcr uns allein&#8220; sprach er \u00fcber diesen Schritt.<\/p>\n<p class=\"text-18 leading-17 user-text-lg:text-22 user-text-xl:text-24\">Der Schauspieler lebt in <a class=\"transition-colors duration-200 cursor-pointer text-inherit no-underline text-salemsfur md:hover:text-magenta md:hover:border-magenta md:focus:text-magenta border-current border-b border-solid break-words\" data-tracking=\"{&quot;action&quot;:&quot;click&quot;,&quot;category&quot;:&quot;intextLink&quot;,&quot;label&quot;:&quot;https:\/\/berlin.t-online.de\/region\/berlin\/&quot;}\" href=\"https:\/\/berlin.t-online.de\/region\/berlin\/\" data-sctrack=\"BodyAnchor\" rel=\"nofollow noopener\" target=\"_blank\">Berlin<\/a>. Die Telenovela &#8222;Sturm der Liebe&#8220;, bei der er 2023 als Dr. Vincent Ritter einstieg, wird allerdings in <a class=\"transition-colors duration-200 cursor-pointer text-inherit no-underline text-salemsfur md:hover:text-magenta md:hover:border-magenta md:focus:text-magenta border-current border-b border-solid break-words\" data-tracking=\"{&quot;action&quot;:&quot;click&quot;,&quot;category&quot;:&quot;intextLink&quot;,&quot;label&quot;:&quot;https:\/\/muenchen.t-online.de\/region\/muenchen\/&quot;}\" href=\"https:\/\/muenchen.t-online.de\/region\/muenchen\/\" data-sctrack=\"BodyAnchor\" rel=\"nofollow noopener\" target=\"_blank\">M\u00fcnchen<\/a> gedreht. Um angesichts des Pendelns mehr Zeit mit seiner inzwischen viereinhalbj\u00e4hrigen Tochter verbringen zu k\u00f6nnen, hatte Walde zun\u00e4chst um einen speziellen Arbeitsrhythmus gebeten.<\/p>\n<p class=\"text-18 leading-17 user-text-lg:text-22 user-text-xl:text-24\">&#8222;Ich habe gesagt, ich brauche eine ganze Woche frei und kann drei Wochen arbeiten. Das ist in einer Soap eigentlich nicht m\u00f6glich&#8220;, so der Serienstar im Podcast. Dann habe man seinem Wunsch jedoch tats\u00e4chlich stattgegeben. Dabei hatte Walde eigentlich einen ganz anderen Plan: &#8222;Ich wollte so tun, als h\u00e4tte ich einen Deal angeboten, aber ich wollte eigentlich raus.&#8220;<\/p>\n<p class=\"text-18 leading-17 user-text-lg:text-22 user-text-xl:text-24\">Seinen Ausstieg habe er somit noch ein Jahr vor sich hergeschoben und in dieser Zeit gemerkt, wie sehr ihm der Alltag mit seiner Tochter fehlt. &#8222;Dann habe ich noch eine Staffel durchgezogen. Ich habe viel geweint, ich war sehr viel ungl\u00fccklich und ich wollte weg. Ich war heilfroh, als ich es dann endlich konnte&#8220;, erz\u00e4hlte Walde.<\/p>\n<p class=\"text-18 leading-17 user-text-lg:text-22 user-text-xl:text-24\">Mit dieser Entscheidung habe er nicht nur einen Traum, sondern auch ein sicheres Einkommen aufgegeben. &#8222;Ich beziehe gerade noch Arbeitslosengeld I und wenn das ausgelaufen ist, dann suche ich mir in Berlin einen stinknormalen Job&#8220;, sagte der 38-J\u00e4hrige. Eine T\u00e4tigkeit als Schulhelfer oder Erziehungshelfer w\u00fcrde ihm gefallen.<\/p>\n<p class=\"text-18 leading-17 user-text-lg:text-22 user-text-xl:text-24\">Dass er somit seinen eigenen Schauspieltraum aufgeben muss, ist f\u00fcr Martin Walde gut zu verschmerzen. &#8222;Meine Tochter zu begleiten, ist ein gr\u00f6\u00dferer Traum, als mich selbst zu verwirklichen&#8220;, betonte er abschlie\u00dfend.<\/p>\n","protected":false},"excerpt":{"rendered":"Radikale Entscheidung Ex-&#8222;Sturm der Liebe&#8220;-Star Martin Walde bezieht Arbeitslosengeld 06.03.2026 &#8211; 14:58 UhrLesedauer: 2 Min. Martin Walde: Er&hellip;\n","protected":false},"author":2,"featured_media":848140,"comment_status":"","ping_status":"","sticky":false,"template":"","format":"standard","meta":{"footnotes":"","_share_on_mastodon":"0"},"categories":[155],"tags":[185991,223,296,29,214,30,73001,1268,15011,215,188704],"class_list":["post-848139","post","type-post","status-publish","format-standard","has-post-thumbnail","category-unterhaltung","tag-arbeitslosengeld","tag-ard","tag-berlin","tag-deutschland","tag-entertainment","tag-germany","tag-martin-walde","tag-muenchen","tag-sturm-der-liebe","tag-unterhaltung","tag-vincent-ritter"],"share_on_mastodon":{"url":"https:\/\/pubeurope.com\/@de\/116183398357340654","error":""},"_links":{"self":[{"href":"https:\/\/www.europesays.com\/de\/wp-json\/wp\/v2\/posts\/848139","targetHints":{"allow":["GET"]}}],"collection":[{"href":"https:\/\/www.europesays.com\/de\/wp-json\/wp\/v2\/posts"}],"about":[{"href":"https:\/\/www.europesays.com\/de\/wp-json\/wp\/v2\/types\/post"}],"author":[{"embeddable":true,"href":"https:\/\/www.europesays.com\/de\/wp-json\/wp\/v2\/users\/2"}],"replies":[{"embeddable":true,"href":"https:\/\/www.europesays.com\/de\/wp-json\/wp\/v2\/comments?post=848139"}],"version-history":[{"count":0,"href":"https:\/\/www.europesays.com\/de\/wp-json\/wp\/v2\/posts\/848139\/revisions"}],"wp:featuredmedia":[{"embeddable":true,"href":"https:\/\/www.europesays.com\/de\/wp-json\/wp\/v2\/media\/848140"}],"wp:attachment":[{"href":"https:\/\/www.europesays.com\/de\/wp-json\/wp\/v2\/media?parent=848139"}],"wp:term":[{"taxonomy":"category","embeddable":true,"href":"https:\/\/www.europesays.com\/de\/wp-json\/wp\/v2\/categories?post=848139"},{"taxonomy":"post_tag","embeddable":true,"href":"https:\/\/www.europesays.com\/de\/wp-json\/wp\/v2\/tags?post=848139"}],"curies":[{"name":"wp","href":"https:\/\/api.w.org\/{rel}","templated":true}]}}