{"id":848370,"date":"2026-03-06T19:29:16","date_gmt":"2026-03-06T19:29:16","guid":{"rendered":"https:\/\/www.europesays.com\/de\/848370\/"},"modified":"2026-03-06T19:29:16","modified_gmt":"2026-03-06T19:29:16","slug":"dynamo-dresden-reist-mit-luxusproblem-zum-karlsruher-sc","status":"publish","type":"post","link":"https:\/\/www.europesays.com\/de\/848370\/","title":{"rendered":"Dynamo Dresden reist mit &#8222;Luxusproblem&#8220; zum Karlsruher SC"},"content":{"rendered":"<p class=\"text\">\nDynamo nimmt den kurzen Weg, fliegt nach Frankfurt und f\u00e4hrt von dort per Bus weiter ins Wildparkstadion. Nicht dabei ist weiterhin Torh\u00fcter Lennart Grill. Der einzige Verletzte im Team. Dass Jakob Lemmer nicht mitmischen darf, liegt an seiner f\u00fcnften Gelben Karte. Die geringe Ausfallquote liegt neben der Arbeit des gesamten Trainerteams auch an jedem einzelnen Spieler, betonte Stamm bei der Spieltags-PK. K\u00f6rper pflegen, regenerieren, gesund essen, all das haben sie verinnerlicht bei Dynamo \u2013 und auch das k\u00f6nnte im Saisonendspurt zum Schl\u00fcssel werden.\n<\/p>\n<p>Vorsicht: Karlsruhe liebt das Umschaltspiel<\/p>\n<p class=\"text\">\nObwohl der Abnutzungskampf l\u00e4ngst begonnen, kann Stamm intensiv arbeiten. Die Einheiten haben es nach wie vor in sich, &#8222;um die Laufleistung stabil zu halten&#8220;, erkl\u00e4rte der Coach. Schnelle Beine und wache K\u00f6pfe wird es auch in der badischen Residenzstadt brauchen. Karlsruhe ist f\u00fcr sein schnelles Umschaltspiel gef\u00fcrchtet. Nach einem Ergebnish\u00e4nger ist der KSC zuletzt wieder in die Erfolgsspur zur\u00fcckgekehrt, mit zwei Siegen ins Mittelfeld geklettert und hat sich mit 33 Punkten befreit.\n<\/p>\n<p class=\"text\">\nDynamo steckt dagegen noch mitten im Abstiegskampf \u2013 und der droht, so richtig dramatisch zu werden. Denn am Tabellenende geht es extrem eng zu. Der 14. Dynamo hat nur zwei Punkte mehr auf dem Konto als Schlusslicht Greuther F\u00fcrth. Auch deshalb ist es f\u00fcr die SGD wichtig, die Serie \u2013 nur eine Niederlage setzte es in den letzten f\u00fcnf Spielen \u2013 fortzusetzen.\n<\/p>\n<p>KSC-Keeper Bernat fehlt gesperrt<\/p>\n<p class=\"text\">\nSpielt es Dynamo da in die Karten, dass Karlsruhe auf seine unumstrittene Nummer 1, Hans Christian Bernat, verzichten muss? Der 25-J\u00e4hrige verpasste bis dato kein Spiel, fehlt am Sonntag aber, weil er als erster Schlussmann in dieser Zweitliga-Saison eine Gelb-Sperre abbrummt. Stamm wollte diesem Fakt nicht zu viel Bedeutung beimessen und geht davon aus, dass die Ersatztorh\u00fcter mindestens Zweitliga-Niveau haben.<\/p>\n<p>Man m\u00fcsse bei sich bleiben, so der Coach: &#8222;Wir m\u00fcssen die Dinge auf den Platz bringen, die wir gut gemacht haben. Wir haben gezeigt, dass wir gegen offensiv starke Mannschaften mithalten k\u00f6nnen und meist in der Lage sind, Tore zu erzielen.<\/p>\n","protected":false},"excerpt":{"rendered":"Dynamo nimmt den kurzen Weg, fliegt nach Frankfurt und f\u00e4hrt von dort per Bus weiter ins Wildparkstadion. Nicht&hellip;\n","protected":false},"author":2,"featured_media":848371,"comment_status":"","ping_status":"","sticky":false,"template":"","format":"standard","meta":{"footnotes":"","_share_on_mastodon":"0"},"categories":[1835],"tags":[621,16611,3364,29,2386,3766,347,30,3850,28518,81,859,5405,3499,3498,8720,35652],"class_list":["post-848370","post","type-post","status-publish","format-standard","has-post-thumbnail","category-dresden","tag-2-bundesliga","tag-christian-eichner","tag-de","tag-deutschland","tag-dresden","tag-dynamo-dresden","tag-fussball","tag-germany","tag-karlsruher-sc","tag-ksc","tag-mdr","tag-sachsen","tag-sgd","tag-spio","tag-sport-im-osten","tag-thomas-stamm","tag-wildpark"],"share_on_mastodon":{"url":"https:\/\/pubeurope.com\/@de\/116183889823009530","error":""},"_links":{"self":[{"href":"https:\/\/www.europesays.com\/de\/wp-json\/wp\/v2\/posts\/848370","targetHints":{"allow":["GET"]}}],"collection":[{"href":"https:\/\/www.europesays.com\/de\/wp-json\/wp\/v2\/posts"}],"about":[{"href":"https:\/\/www.europesays.com\/de\/wp-json\/wp\/v2\/types\/post"}],"author":[{"embeddable":true,"href":"https:\/\/www.europesays.com\/de\/wp-json\/wp\/v2\/users\/2"}],"replies":[{"embeddable":true,"href":"https:\/\/www.europesays.com\/de\/wp-json\/wp\/v2\/comments?post=848370"}],"version-history":[{"count":0,"href":"https:\/\/www.europesays.com\/de\/wp-json\/wp\/v2\/posts\/848370\/revisions"}],"wp:featuredmedia":[{"embeddable":true,"href":"https:\/\/www.europesays.com\/de\/wp-json\/wp\/v2\/media\/848371"}],"wp:attachment":[{"href":"https:\/\/www.europesays.com\/de\/wp-json\/wp\/v2\/media?parent=848370"}],"wp:term":[{"taxonomy":"category","embeddable":true,"href":"https:\/\/www.europesays.com\/de\/wp-json\/wp\/v2\/categories?post=848370"},{"taxonomy":"post_tag","embeddable":true,"href":"https:\/\/www.europesays.com\/de\/wp-json\/wp\/v2\/tags?post=848370"}],"curies":[{"name":"wp","href":"https:\/\/api.w.org\/{rel}","templated":true}]}}