{"id":848391,"date":"2026-03-06T19:40:15","date_gmt":"2026-03-06T19:40:15","guid":{"rendered":"https:\/\/www.europesays.com\/de\/848391\/"},"modified":"2026-03-06T19:40:15","modified_gmt":"2026-03-06T19:40:15","slug":"verdaechtiger-in-stuttgart-gestellt-festnahme-nach-messerattacke-in-backnanger-moschee","status":"publish","type":"post","link":"https:\/\/www.europesays.com\/de\/848391\/","title":{"rendered":"Verd\u00e4chtiger in Stuttgart gestellt: Festnahme nach Messerattacke in Backnanger Moschee"},"content":{"rendered":"<p>\t\t\t\t\t\t\t\t\t\t\t\t\t\t\t\t\t\t\t\t\t\t\t\t\t\t\t\t      \t\t            \t\t             \t\t\t\t   \t\t\t\t\t   <img decoding=\"async\" id=\"article-image\" fetchpriority=\"high\" alt=\"Verd\u00e4chtiger in Stuttgart gestellt: Festnahme nach Messerattacke in Backnanger Moschee\" onclick=\"var pA=document.createElement('a');pA.setAttribute('href','https:\/\/www.stuttgarter-nachrichten.de\/gallery.verdaechtiger-in-stuttgart-gestellt-festnahme-nach-messerattacke-in-backnanger-moschee.d1cd41a0-109d-4830-89d1-bb1c12671499.html'),pA.click();\" title=\"Verd\u00e4chtiger in Stuttgart gestellt: Festnahme nach Messerattacke in Backnanger Moschee\" src=\"https:\/\/www.europesays.com\/de\/wp-content\/uploads\/2026\/03\/media.media.76e0ef2c-a17f-4cea-903a-8d0d2e033800.16x9_700.jpg\" data-linkto=\"https:\/\/www.stuttgarter-nachrichten.de\/gallery.verdaechtiger-in-stuttgart-gestellt-festnahme-nach-messerattacke-in-backnanger-moschee.d1cd41a0-109d-4830-89d1-bb1c12671499.html\"\/>\t\t\t\t\t\t\t\t\t\t\t\t\t\t\t\t\t\t\t\t\t\t\t\tDie Polizei fahndete zun\u00e4chst in Backnang nach dem T\u00e4ter.\u00a0Foto: KS-Images.de\/Karsten Schmalz\t\t\t<\/p>\n<p>Ein 25-J\u00e4hriger soll in Backnang in einer Moschee auf einen Mann eingestochen haben. Stunden sp\u00e4ter hat die Polizei einen Verd\u00e4chtigen am Schlossplatz festgenommen.<\/p>\n<p>Ein Mann sticht am fr\u00fchen Freitagnachmittag <a href=\"https:\/\/www.stuttgarter-nachrichten.de\/inhalt.fahndung-im-rems-murr-kreis-messerangriff-in-backnanger-moschee-polizei-sucht-nach-tatverdaechtigem.0c2a8a69-c6d7-4752-8450-9ff181e0e2b9.html\" target=\"_blank\" rel=\"nofollow noopener\">in einer Moschee in Backnang zu<\/a>. Gegen 13.15 Uhr wird ein 24-J\u00e4hriger in dem Gebetshaus in der Wilhelmstra\u00dfe mit einem Messer verletzt. Der T\u00e4ter flieht zun\u00e4chst.<\/p>\n<p>Wie <a href=\"https:\/\/www.stuttgarter-nachrichten.de\/thema\/Staatsanwaltschaft_Stuttgart\" title=\"Staatsanwaltschaft Stuttgart\" class=\"art_thema\" rel=\"nofollow noopener\" target=\"_blank\">Staatsanwaltschaft Stuttgart<\/a> und Polizeipr\u00e4sidium Aalen mitteilen, f\u00fchrte nun ein Hinweis eines Zeugen zur entscheidenden Spur. Dem Mann war in einer S-Bahn von <a href=\"https:\/\/www.stuttgarter-nachrichten.de\/thema\/Backnang\" title=\"Backnang\" class=\"art_thema\" rel=\"nofollow noopener\" target=\"_blank\">Backnang<\/a> nach Stuttgart einem Fahrgast aufgefallen, der exakt auf die ver\u00f6ffentlichte T\u00e4terbeschreibung passte.<\/p>\n<p>Schnelle Festnahme am Stuttgarter Schlossplatz <\/p>\n<p>Die <a href=\"https:\/\/www.stuttgarter-nachrichten.de\/thema\/Polizei\" title=\"Polizei\" class=\"art_thema\" rel=\"nofollow noopener\" target=\"_blank\">Polizei<\/a> reagiert rasch. Kurz nach 15.30 Uhr nahmen Beamte des Polizeipr\u00e4sidiums Stuttgart den Verd\u00e4chtigen nahe dem Stuttgarter Schlossplatz fest. Es handelt sich nach Angaben der Ermittler um einen 25-j\u00e4hrigen Mann mit afghanischer Staatsangeh\u00f6rigkeit.<\/p>\n<p>Zur Motivation des mutma\u00dflichen Angreifers k\u00f6nnen die Beh\u00f6rden bislang nichts sagen. Nach aktuellem Ermittlungsstand soll zwischen T\u00e4ter und Opfer zumindest eine fl\u00fcchtige Bekanntschaft bestanden haben.<\/p>\n<p>Ermittlungen zur Tat und zum Motiv laufen <\/p>\n<p>Der 25-J\u00e4hrige soll am Samstag auf Antrag der Staatsanwaltschaft einem Haftrichter vorgef\u00fchrt werden. Der verletzte 24-J\u00e4hrige erlitt nach bisherigen Erkenntnissen lediglich leichte Verletzungen und konnte das Krankenhaus, in das er gebracht wurde, inzwischen wieder verlassen.<\/p>\n<p>Die kriminalpolizeilichen Ermittlungen dauern an, wie Polizei und Staatsanwaltschaft mitteilen.<\/p>\n","protected":false},"excerpt":{"rendered":"Die Polizei fahndete zun\u00e4chst in Backnang nach dem T\u00e4ter.\u00a0Foto: KS-Images.de\/Karsten Schmalz Ein 25-J\u00e4hriger soll in Backnang in einer&hellip;\n","protected":false},"author":2,"featured_media":848392,"comment_status":"","ping_status":"","sticky":false,"template":"","format":"standard","meta":{"footnotes":"","_share_on_mastodon":"0"},"categories":[1830],"tags":[70069,1634,3364,29,30,2841,5531,121,188734,188735,19537,12083,1441,19169,5329],"class_list":["post-848391","post","type-post","status-publish","format-standard","has-post-thumbnail","category-stuttgart","tag-backnang","tag-baden-wuerttemberg","tag-de","tag-deutschland","tag-germany","tag-messerangriff","tag-moschee","tag-polizei","tag-polizeibericht-re","tag-polizeibericht-reg","tag-schlossplatz-stuttgart","tag-staatsanwaltschaft-stuttgart","tag-stuttgart","tag-tatverdaechtiger","tag-video"],"share_on_mastodon":{"url":"https:\/\/pubeurope.com\/@de\/116183933121335459","error":""},"_links":{"self":[{"href":"https:\/\/www.europesays.com\/de\/wp-json\/wp\/v2\/posts\/848391","targetHints":{"allow":["GET"]}}],"collection":[{"href":"https:\/\/www.europesays.com\/de\/wp-json\/wp\/v2\/posts"}],"about":[{"href":"https:\/\/www.europesays.com\/de\/wp-json\/wp\/v2\/types\/post"}],"author":[{"embeddable":true,"href":"https:\/\/www.europesays.com\/de\/wp-json\/wp\/v2\/users\/2"}],"replies":[{"embeddable":true,"href":"https:\/\/www.europesays.com\/de\/wp-json\/wp\/v2\/comments?post=848391"}],"version-history":[{"count":0,"href":"https:\/\/www.europesays.com\/de\/wp-json\/wp\/v2\/posts\/848391\/revisions"}],"wp:featuredmedia":[{"embeddable":true,"href":"https:\/\/www.europesays.com\/de\/wp-json\/wp\/v2\/media\/848392"}],"wp:attachment":[{"href":"https:\/\/www.europesays.com\/de\/wp-json\/wp\/v2\/media?parent=848391"}],"wp:term":[{"taxonomy":"category","embeddable":true,"href":"https:\/\/www.europesays.com\/de\/wp-json\/wp\/v2\/categories?post=848391"},{"taxonomy":"post_tag","embeddable":true,"href":"https:\/\/www.europesays.com\/de\/wp-json\/wp\/v2\/tags?post=848391"}],"curies":[{"name":"wp","href":"https:\/\/api.w.org\/{rel}","templated":true}]}}