{"id":848682,"date":"2026-03-06T22:23:18","date_gmt":"2026-03-06T22:23:18","guid":{"rendered":"https:\/\/www.europesays.com\/de\/848682\/"},"modified":"2026-03-06T22:23:18","modified_gmt":"2026-03-06T22:23:18","slug":"messerangriff-in-moschee-taeter-festgenommen","status":"publish","type":"post","link":"https:\/\/www.europesays.com\/de\/848682\/","title":{"rendered":"Messerangriff in Moschee &#8211; T\u00e4ter festgenommen"},"content":{"rendered":"<p>Gewalttat in Backnang <\/p>\n<p>Messerangriff in Moschee &#8211; T\u00e4ter festgenommen<\/p>\n<p>Aktualisiert am 06.03.2026 &#8211; 19:30 UhrLesedauer: 1 Min.<\/p>\n<p><a href=\"#focus-0\" class=\"transition-colors duration-200 block text-current relative\" data-sctrack=\"FocusGalleryImage.Reference\"><img fetchpriority=\"high\" data-testid=\"Opener.Image\" style=\"--lqipURL:url('https:\/\/images.t-online.de\/2026\/03\/N2wkpxtOzIkB\/0x204:2048x1152\/fit-in\/150x0\/filters:blur(25)\/die-polizei-ermittelt-an-der-moschee.jpg')\"   loading=\"eager\" src=\"https:\/\/www.europesays.com\/de\/wp-content\/uploads\/2026\/03\/die-polizei-ermittelt-an-der-moschee.jpg\" alt=\"Messerangriff in Moschee\" title=\"Messerangriff in Moschee\" width=\"2048\" height=\"1152\" class=\"bg-[url:var(--lqipURL)] bg-cover bg-center flex h-full w-full max-w-full\" decoding=\"async\"\/><img style=\"--width:32;--height:32\" loading=\"lazy\" src=\"https:\/\/stuttgart.t-online.de\/s\/paper\/_next\/static\/media\/zoom-in.f7dae02f.svg\" alt=\"Vergr\u00f6\u00dfern des Bildes\" title=\"Vergr\u00f6\u00dfern des Bildes\" class=\"block h-[calc(var(--height)_\/_16_*_1rem)] w-[calc(var(--width)_\/_16_*_1rem)] max-w-none absolute bottom-8 right-8 rounded-4 bg-snow p-8\" decoding=\"async\"\/><\/a><\/p>\n<p>Die Polizei ermittelt an der Moschee. (Quelle: Bernd Wei\u00dfbrod\/dpa\/dpa-bilder)<\/p>\n<p class=\"font-bold text-18 leading-17 user-text-lg:text-22 user-text-xl:text-24\">Nach einem Messerangriff in einer Moschee in Baden-W\u00fcrttemberg nimmt die Polizei einen Verd\u00e4chtigen fest. Was aktuell bekannt ist.<\/p>\n<p class=\"text-18 leading-17 user-text-lg:text-22 user-text-xl:text-24\">Ein Mann soll in einer Moschee in Backnang nord\u00f6stlich von Stuttgart einen 24-J\u00e4hrigen mit einem Messer verletzt haben. Der Angreifer fl\u00fcchtete zun\u00e4chst &#8211; etwa zwei Stunden nach der Tat konnte die Polizei aber einen 25 Jahre alten Verd\u00e4chtigen in Stuttgart festnehmen. Ein Zeuge hatte der Polizei nach Angaben der Ermittler den entscheidenden Hinweis gegeben. In der S-Bahn von Backnang nach Stuttgart sei ihm ein Mann aufgefallen, auf den exakt die Personenbeschreibung des Tatverd\u00e4chtigen passte. <\/p>\n<p class=\"text-18 leading-17 user-text-lg:text-22 user-text-xl:text-24\">Das 24 Jahre alte Opfer wurde nach Angaben aus Sicherheitskreisen in den Oberschenkel gestochen. Laut Polizei wurde er lediglich leicht verletzt und bis zum Abend wieder aus dem Krankenhaus entlassen. <\/p>\n<p class=\"text-18 leading-17 user-text-lg:text-22 user-text-xl:text-24\">Der Hintergrund der Tat nord\u00f6stlich von Stuttgart war zun\u00e4chst vollkommen unklar. Polizei und Staatsanwaltschaft machten zum Motiv des Verd\u00e4chtigen zun\u00e4chst keine Angaben. Nach aktuellem Ermittlungsstand habe zwischen den beiden M\u00e4nnern zumindest eine fl\u00fcchtige Bekanntschaft bestanden. <\/p>\n<p class=\"text-18 leading-17 user-text-lg:text-22 user-text-xl:text-24\">Der Staatsschutz \u00fcbernahm jedoch zun\u00e4chst die Ermittlungen, weil der Tatort eine Moschee war. Der 25-J\u00e4hrige soll am Samstag einem Haftrichter vorgef\u00fchrt werden.<\/p>\n","protected":false},"excerpt":{"rendered":"Gewalttat in Backnang Messerangriff in Moschee &#8211; T\u00e4ter festgenommen Aktualisiert am 06.03.2026 &#8211; 19:30 UhrLesedauer: 1 Min. Die&hellip;\n","protected":false},"author":2,"featured_media":848683,"comment_status":"","ping_status":"","sticky":false,"template":"","format":"standard","meta":{"footnotes":"","_share_on_mastodon":"0"},"categories":[1830],"tags":[70069,1634,3364,29,30,3268,1981,2841,5531,121,1441],"class_list":["post-848682","post","type-post","status-publish","format-standard","has-post-thumbnail","category-stuttgart","tag-backnang","tag-baden-wuerttemberg","tag-de","tag-deutschland","tag-germany","tag-gewalttat","tag-messer","tag-messerangriff","tag-moschee","tag-polizei","tag-stuttgart"],"share_on_mastodon":{"url":"https:\/\/pubeurope.com\/@de\/116184574232064461","error":""},"_links":{"self":[{"href":"https:\/\/www.europesays.com\/de\/wp-json\/wp\/v2\/posts\/848682","targetHints":{"allow":["GET"]}}],"collection":[{"href":"https:\/\/www.europesays.com\/de\/wp-json\/wp\/v2\/posts"}],"about":[{"href":"https:\/\/www.europesays.com\/de\/wp-json\/wp\/v2\/types\/post"}],"author":[{"embeddable":true,"href":"https:\/\/www.europesays.com\/de\/wp-json\/wp\/v2\/users\/2"}],"replies":[{"embeddable":true,"href":"https:\/\/www.europesays.com\/de\/wp-json\/wp\/v2\/comments?post=848682"}],"version-history":[{"count":0,"href":"https:\/\/www.europesays.com\/de\/wp-json\/wp\/v2\/posts\/848682\/revisions"}],"wp:featuredmedia":[{"embeddable":true,"href":"https:\/\/www.europesays.com\/de\/wp-json\/wp\/v2\/media\/848683"}],"wp:attachment":[{"href":"https:\/\/www.europesays.com\/de\/wp-json\/wp\/v2\/media?parent=848682"}],"wp:term":[{"taxonomy":"category","embeddable":true,"href":"https:\/\/www.europesays.com\/de\/wp-json\/wp\/v2\/categories?post=848682"},{"taxonomy":"post_tag","embeddable":true,"href":"https:\/\/www.europesays.com\/de\/wp-json\/wp\/v2\/tags?post=848682"}],"curies":[{"name":"wp","href":"https:\/\/api.w.org\/{rel}","templated":true}]}}