{"id":848730,"date":"2026-03-06T22:50:17","date_gmt":"2026-03-06T22:50:17","guid":{"rendered":"https:\/\/www.europesays.com\/de\/848730\/"},"modified":"2026-03-06T22:50:17","modified_gmt":"2026-03-06T22:50:17","slug":"wetter-am-wochenende-saharastaub-waelzt-sich-wie-wanderduene-ueber-deutschland-news","status":"publish","type":"post","link":"https:\/\/www.europesays.com\/de\/848730\/","title":{"rendered":"Wetter am Wochenende: Saharastaub w\u00e4lzt sich wie Wanderd\u00fcne \u00fcber Deutschland | News"},"content":{"rendered":"<p><a class=\"skip-content skip-content--link\" href=\"#in-content-skip-link-target-v-0-0\">TTS-Player \u00fcberspringen\u21b5<\/a><a id=\"in-content-skip-link-target-v-0-0\" class=\"skip-content--target-link-hidden skip-content skip-content--target-link\" href=\"#in-content-skip-link-target-v-0-0\">Artikel weiterlesen<\/a><\/p>\n<p><b>Das ganze Wochenende w\u00e4lzt sich eine riesige Staubwolke \u00fcber Deutschland: Wetterph\u00e4nomen roter Sahara-Staub!<\/b><\/p>\n<p>Diese Staubwolke beinhaltet rund 230.000 Kubikmeter Sand aus Afrika \u2013 mindestens. Umgerechnet sind das rund 368 Millionen Kilogramm. Anders ausgedr\u00fcckt: Eine riesige Wanderd\u00fcne vom Ausma\u00df eines zehnst\u00f6ckigen Geb\u00e4udes liegt in der Luft und bestimmt unser <a href=\"https:\/\/www.bild.de\/news\/aktuelles\/wetter\/wetter-alle-infos-78213998.bild.html\" class=\"text-link\" rel=\"nofollow noopener\" target=\"_blank\">Wetter<\/a> am Wochenende mit.<\/p>\n<p>Das hat Wetterexperte Dr. Karsten Brandt ausgerechnet. Er zu BILD: \u201eWir haben dabei 1 Gramm Staub pro Kubikmeter Luft zugrunde gelegt. Herausgekommen ist die gewaltige Summe.\u201c Brandt weiter: \u201eDas ist nat\u00fcrlich ein Wert f\u00fcr einen einzigen Augenblick. Wetter ist dynamisch, das kann sich schnell \u00e4ndern. Positiv und negativ.\u201c<\/p>\n<p>So schreitet die Sahara-Staubwolke voran<\/p>\n<p>Im Westen <a href=\"https:\/\/www.bild.de\/news\/wetter\/riesige-sahara-staubwolke-dieselt-deutschland-ein-tausende-tonnen-partikel-69a807b1563ae9c42dea3e7f\" class=\"text-link\" rel=\"nofollow noopener\" target=\"_blank\">legte der Saharastaub schon los<\/a>, am Sonnabend und Sonntag wird der Rest des Landes erreicht. <\/p>\n<p><img decoding=\"async\" width=\"992\" height=\"603\" alt=\"Der Sahara-Staub wandert ab Freitag von West nach Ost \u00fcber Deutschland\" src=\"https:\/\/www.europesays.com\/de\/wp-content\/uploads\/2026\/03\/8ffc5a9e5fced1c5796d1cfb8f25eedd,c1a8b9da.jpeg\"   class=\"dynamic\" loading=\"lazy\"\/><\/p>\n<p class=\"fig__caption__text\">Der Sahara-Staub w\u00e4lzt sich seit Freitag von West nach Ost \u00fcber Deutschland<\/p>\n<p>Foto: Meteored<\/p>\n<p>Meteorologe Christian Herold vom Deutschen Wetterdienst zu BILD: \u201eDer <a href=\"https:\/\/www.bild.de\/leben-wissen\/wohnen-living\/so-kommt-der-staub-in-unsere-wohnung-6979bf2d4afa95d9b8ca530a\" class=\"text-link\" rel=\"nofollow noopener\" target=\"_blank\">Staub<\/a> weht in bis zu f\u00fcnf Kilometern H\u00f6he. Diesmal ist das Ph\u00e4nomen kr\u00e4ftig ausgepr\u00e4gt. In dieser Form haben wir es nur zwei- bis dreimal pro Jahr.\u201c<\/p>\n<p><img decoding=\"async\" width=\"992\" height=\"558\" alt=\"Der Saharastaub \u00fcber M\u00fcnchen\" src=\"https:\/\/www.europesays.com\/de\/wp-content\/uploads\/2026\/03\/0dd46de4b99a78a639f3115af77f56b2,5703380a.jpeg\"   class=\"landscape\" loading=\"lazy\"\/><\/p>\n<p class=\"fig__caption__text\">Der Saharastaub \u00fcber M\u00fcnchen<\/p>\n<p>Foto: Robert Gongoll<\/p>\n<p>Diplom-Meteorologe Dominik Jung erkl\u00e4rt: \u201eSolche Staubtransporte treten besonders im <a href=\"https:\/\/www.bild.de\/news\/aktuelles\/fruehling\/thema-fruehling-alle-infos-83203890.bild.html\" class=\"text-link\" rel=\"nofollow noopener\" target=\"_blank\">Fr\u00fchling<\/a> relativ h\u00e4ufig auf, weil dann warme Luft aus Nordafrika immer wieder weit nach Europa gef\u00fchrt wird.\u201c Der Staub gelangt durch heftige Winde am Rand von Mittelmeer-Tiefs zuvor in gro\u00dfe H\u00f6hen. Von da aus geht es Richtung Norden.<\/p>\n<p><b>EXPERTEN IN DIESEM TEXT<\/b><\/p>\n<p><b>Dr. Karsten Brandt<\/b> (52) promovierte an der Universit\u00e4t Duisburg-Essen im Bereich der Klimatologie zum Doktor der Naturwissenschaften (Dr. rer. nat.). Er verfasste mehrere B\u00fccher zum Thema Wetter und ist au\u00dferdem Gr\u00fcnder und Gesch\u00e4ftsf\u00fchrer des Portals Donnerwetter.de.<\/p>\n<p><b>Dominik Jung<\/b> (48) hat an der Johannes Gutenberg-Universit\u00e4t Mainz Meteorologie studiert. Der Diplom-Meteorologe ist Buchautor und Gesch\u00e4ftsf\u00fchrer des Wetterdienstes Q.met, der auch das Wetterportal wetter.net betreibt. Zudem ist er zum Thema Wetter Moderator und Fachbuchautor.<\/p>\n<p><b>Christian Herold<\/b> (42) ist Diplom-Meteorologe beim Deutschen Wetterdienst (DWD) in Offenbach. Seit dem Studium an der Universit\u00e4t Leipzig arbeitet er dort.<\/p>\n<p>So wird das Wetter am Wochenende<\/p>\n<p>Das angek\u00fcndigte <a href=\"https:\/\/www.bild.de\/news\/wetter\/sonnen-aufschlag-mit-bis-zu-21-grad-ein-freitag-zum-freuen-69a9593c3d4c79b00798431b\" class=\"text-link\" rel=\"nofollow noopener\" target=\"_blank\">sch\u00f6ne Wetter mit viel Sonne<\/a> am Wochenende mit Temperaturen bis zu 21 Grad, beeintr\u00e4chtigt der Sahara-Staub zum Gl\u00fcck kaum. Es bleibt am Samstag und Sonntag erhalten. \u201eNur der Himmel scheint oft milchig-wei\u00df statt strahlend blau\u201c, sagt Herold zu BILD. Bei Sonnenaufgang und -untergang k\u00f6nnen besonders intensive Farben entstehen.<\/p>\n<tr>OrtSonnenaufgangSonnenuntergang<\/tr>\n<tr>\n<td>Dresden<\/td>\n<td>06:37 Uhr<\/td>\n<td>17:55 Uhr<\/td>\n<\/tr>\n<tr>\n<td>Berlin<\/td>\n<td>06:39 Uhr<\/td>\n<td>17:55 Uhr<\/td>\n<\/tr>\n<tr>\n<td>M\u00fcnchen<\/td>\n<td>06:43 Uhr<\/td>\n<td>18:06 Uhr<\/td>\n<\/tr>\n<tr>\n<td>Hamburg<\/td>\n<td>06:54 Uhr<\/td>\n<td>18:07 Uhr<\/td>\n<\/tr>\n<tr>\n<td>Frankfurt am Main<\/td>\n<td>06:56 Uhr<\/td>\n<td>18:16 Uhr<\/td>\n<\/tr>\n<tr>\n<td>K\u00f6ln<\/td>\n<td>07:04 Uhr<\/td>\n<td>18:22 Uhr<\/td>\n<\/tr>\n<p>Am Wochenende weiterhin ein Thema ist die <a href=\"https:\/\/www.bild.de\/news\/wetter\/wetter-in-dieser-woche-pollen-erfuellen-die-luft-69a416d94b8f567f12fce259\" class=\"text-link\" rel=\"nofollow noopener\" target=\"_blank\">Pollenbelastung der Luft<\/a>. Sie kommt zum Saharastaub noch hinzu.<\/p>\n<p><a class=\"article-image__anchor\" href=\"https:\/\/www.bild.de\/news\/aktuelles\/wetter\/wetter-alle-infos-78213998.bild.html\" target=\"false\" rel=\"false nofollow noopener\"><img decoding=\"async\" width=\"992\" height=\"200\" alt=\"\" src=\"https:\/\/www.europesays.com\/de\/wp-content\/uploads\/2026\/03\/104652f378434d14e3347659fd4bced1,5010f51b.jpeg\"   class=\"dynamic\" loading=\"lazy\"\/><\/a><\/p>\n<p>Foto: BILD<\/p>\n<p>Wie lange der Saharastaub bleibt<\/p>\n<p>Voraussichtlich ist der Saharastaub sp\u00e4testens am kommenden Mittwoch wieder weg. Karsten Brandt zu BILD: \u201eUnd zwar ausgewaschen von leichtem <a href=\"https:\/\/www.bild.de\/news\/wetter\/regen-wie-er-entsteht-und-weitere-infos-zum-wetterphaenomen-660fa057873a8a5d194a417b\" class=\"text-link\" rel=\"nofollow noopener\" target=\"_blank\">Regen<\/a>.\u201c Wichtig: Dann blo\u00df keine W\u00e4sche raush\u00e4ngen! Und auch den Fr\u00fchjahrsputz von Auto oder Terrasse sollte man lieber verschieben. Sonst muss man doppelt arbeiten.<\/p>\n","protected":false},"excerpt":{"rendered":"TTS-Player \u00fcberspringen\u21b5Artikel weiterlesen Das ganze Wochenende w\u00e4lzt sich eine riesige Staubwolke \u00fcber Deutschland: Wetterph\u00e4nomen roter Sahara-Staub! Diese Staubwolke&hellip;\n","protected":false},"author":2,"featured_media":848731,"comment_status":"","ping_status":"","sticky":false,"template":"","format":"standard","meta":{"footnotes":"","_share_on_mastodon":"0"},"categories":[2],"tags":[29,2008,30,13,26541,17362,14,15,12,185455,14814,138370,45,10,8,9,11,1973,2257,17363,2255,4749],"class_list":["post-848730","post","type-post","status-publish","format-standard","has-post-thumbnail","category-deutschland","tag-deutschland","tag-fruehling","tag-germany","tag-headlines","tag-luftverschmutzung","tag-meteorologie","tag-nachrichten","tag-news","tag-schlagzeilen","tag-seo-first","tag-sonnenschein","tag-team-first","tag-texttospeech","tag-top-news","tag-top-meldungen","tag-topmeldungen","tag-topnews","tag-wetter","tag-wetterlage","tag-wetterphaenomene","tag-wettervorhersage","tag-wochenende"],"share_on_mastodon":{"url":"https:\/\/pubeurope.com\/@de\/116184680301394990","error":""},"_links":{"self":[{"href":"https:\/\/www.europesays.com\/de\/wp-json\/wp\/v2\/posts\/848730","targetHints":{"allow":["GET"]}}],"collection":[{"href":"https:\/\/www.europesays.com\/de\/wp-json\/wp\/v2\/posts"}],"about":[{"href":"https:\/\/www.europesays.com\/de\/wp-json\/wp\/v2\/types\/post"}],"author":[{"embeddable":true,"href":"https:\/\/www.europesays.com\/de\/wp-json\/wp\/v2\/users\/2"}],"replies":[{"embeddable":true,"href":"https:\/\/www.europesays.com\/de\/wp-json\/wp\/v2\/comments?post=848730"}],"version-history":[{"count":0,"href":"https:\/\/www.europesays.com\/de\/wp-json\/wp\/v2\/posts\/848730\/revisions"}],"wp:featuredmedia":[{"embeddable":true,"href":"https:\/\/www.europesays.com\/de\/wp-json\/wp\/v2\/media\/848731"}],"wp:attachment":[{"href":"https:\/\/www.europesays.com\/de\/wp-json\/wp\/v2\/media?parent=848730"}],"wp:term":[{"taxonomy":"category","embeddable":true,"href":"https:\/\/www.europesays.com\/de\/wp-json\/wp\/v2\/categories?post=848730"},{"taxonomy":"post_tag","embeddable":true,"href":"https:\/\/www.europesays.com\/de\/wp-json\/wp\/v2\/tags?post=848730"}],"curies":[{"name":"wp","href":"https:\/\/api.w.org\/{rel}","templated":true}]}}