{"id":848792,"date":"2026-03-06T23:27:09","date_gmt":"2026-03-06T23:27:09","guid":{"rendered":"https:\/\/www.europesays.com\/de\/848792\/"},"modified":"2026-03-06T23:27:09","modified_gmt":"2026-03-06T23:27:09","slug":"vollsperrung-auf-der-a40-hier-kommt-auf-autofahrer-einiges-zu","status":"publish","type":"post","link":"https:\/\/www.europesays.com\/de\/848792\/","title":{"rendered":"Vollsperrung auf der A40: Hier kommt auf Autofahrer einiges zu"},"content":{"rendered":"<p>Pendler und Autofahrer rund um Duisburg m\u00fcssen sich Mitte M\u00e4rz auf ein Wochenende mit Umwegen einstellen: Grund sind umfangreiche Bauarbeiten an der Bundesautobahn A40. Wie die Projektgesellschaft Deges mitteilt, wird eine wichtige Unterf\u00fchrung vor\u00fcbergehend komplett gesperrt.<\/p>\n<p>Betroffen ist die Unterf\u00fchrung \u201eAm Schl\u00fctershof\u201c. Sie liegt im Umfeld der A40 zwischen den Anschlussstellen Duisburg-Homberg und Duisburg-H\u00e4fen. Von Freitag, den 13. M\u00e4rz um 6 Uhr, bis Montag, den 16. M\u00e4rz um 5 Uhr, ist dort kein Durchkommen m\u00f6glich.<\/p>\n<p> A40: Hier ist jetzt Geduld gefragt <\/p>\n<p>Hintergrund der Ma\u00dfnahme sind Arbeiten am neuen Br\u00fcckenbauwerk der A 40. Konkret stehen Betonagearbeiten an, das geht aus der Meldung der Deutsche Einheit Fernstra\u00dfenplanungs- und -bau GmbH (kurz: DEGES) hervor.<\/p>\n<p class=\"has-secondary-background-color has-background\"><strong>Auch interessant:<\/strong> <a href=\"https:\/\/www.derwesten.de\/verbraucher\/tankstellen-sprit-preis-iran-krieg-id302008692.html\" rel=\"nofollow noopener\" target=\"_blank\">Wegen Iran-Krieg: Tankstellen-P\u00e4chter leiden unter Wut der Kunden \u2013 \u201eK\u00f6nnen nichts daf\u00fcr\u201c<\/a><\/p>\n<p>Damit Autofahrer trotzdem ans Ziel kommen, werden Umleitungen eingerichtet. Wer rund um die A40 unterwegs ist, sollte mehr Zeit einplanen. Die DEGES bittet au\u00dferdem um Verst\u00e4ndnis und erh\u00f6hte Aufmerksamkeit beim Passieren des Baustellenbereichs.<\/p>\n<p> Gro\u00dfprojekt: Ausbau der A40 <\/p>\n<p>Die DEGES ist eine bundeseigene Projektgesellschaft des Bundes und der Bundesl\u00e4nder. Sie plant und baut gro\u00dfe Verkehrsinfrastrukturprojekte in ganz Deutschland. Im Auftrag des Bundes und des Landes Nordrhein-Westfalen k\u00fcmmert sich das Unternehmen derzeit auch um den Ausbau der Bundesautobahn A40 bei Duisburg. Teil des Projekts ist au\u00dferdem der Neubau der Rheinbr\u00fccke Neuenkamp. Die wichtige Verkehrsader gilt als zentrale Verbindung im westlichen Ruhrgebiet.<\/p>\n<p>Mehr Nachrichten:<\/p>\n<p>Bereits seit November 2023 rollt der Verkehr \u00fcber einen neuen Abschnitt. Fahrzeuge nutzen seitdem den s\u00fcdlichen \u00dcberbau der Br\u00fccke. Dort stehen auf der A40 drei Fahrstreifen pro Richtung zur Verf\u00fcgung.<\/p>\n","protected":false},"excerpt":{"rendered":"Pendler und Autofahrer rund um Duisburg m\u00fcssen sich Mitte M\u00e4rz auf ein Wochenende mit Umwegen einstellen: Grund sind&hellip;\n","protected":false},"author":2,"featured_media":848793,"comment_status":"","ping_status":"","sticky":false,"template":"","format":"standard","meta":{"footnotes":"","_share_on_mastodon":"0"},"categories":[1838],"tags":[34880,3364,29,3715,30,1209],"class_list":["post-848792","post","type-post","status-publish","format-standard","has-post-thumbnail","category-duisburg","tag-a40","tag-de","tag-deutschland","tag-duisburg","tag-germany","tag-nordrhein-westfalen"],"share_on_mastodon":{"url":"https:\/\/pubeurope.com\/@de\/116184825704290932","error":""},"_links":{"self":[{"href":"https:\/\/www.europesays.com\/de\/wp-json\/wp\/v2\/posts\/848792","targetHints":{"allow":["GET"]}}],"collection":[{"href":"https:\/\/www.europesays.com\/de\/wp-json\/wp\/v2\/posts"}],"about":[{"href":"https:\/\/www.europesays.com\/de\/wp-json\/wp\/v2\/types\/post"}],"author":[{"embeddable":true,"href":"https:\/\/www.europesays.com\/de\/wp-json\/wp\/v2\/users\/2"}],"replies":[{"embeddable":true,"href":"https:\/\/www.europesays.com\/de\/wp-json\/wp\/v2\/comments?post=848792"}],"version-history":[{"count":0,"href":"https:\/\/www.europesays.com\/de\/wp-json\/wp\/v2\/posts\/848792\/revisions"}],"wp:featuredmedia":[{"embeddable":true,"href":"https:\/\/www.europesays.com\/de\/wp-json\/wp\/v2\/media\/848793"}],"wp:attachment":[{"href":"https:\/\/www.europesays.com\/de\/wp-json\/wp\/v2\/media?parent=848792"}],"wp:term":[{"taxonomy":"category","embeddable":true,"href":"https:\/\/www.europesays.com\/de\/wp-json\/wp\/v2\/categories?post=848792"},{"taxonomy":"post_tag","embeddable":true,"href":"https:\/\/www.europesays.com\/de\/wp-json\/wp\/v2\/tags?post=848792"}],"curies":[{"name":"wp","href":"https:\/\/api.w.org\/{rel}","templated":true}]}}