{"id":849314,"date":"2026-03-07T04:59:17","date_gmt":"2026-03-07T04:59:17","guid":{"rendered":"https:\/\/www.europesays.com\/de\/849314\/"},"modified":"2026-03-07T04:59:17","modified_gmt":"2026-03-07T04:59:17","slug":"gastronmie-in-moenchengladbach-tipps-fuer-schoene-aussenterrassen","status":"publish","type":"post","link":"https:\/\/www.europesays.com\/de\/849314\/","title":{"rendered":"Gastronmie in M\u00f6nchengladbach: Tipps f\u00fcr sch\u00f6ne Au\u00dfenterrassen"},"content":{"rendered":"<p class=\"text_ohne_einzug richtext text-em-55 !leading-serif mx-6 desktop:mx-0\">Vitamin D wird bekanntlich zum gr\u00f6\u00dften Teil mithilfe von Sonnenstrahlen im K\u00f6rper gebildet. Der Fr\u00fchling ist also der perfekte Moment, um die leeren Speicher wieder aufzuf\u00fcllen. Das Jahr liefert bis jetzt ideale Voraussetzungen: blauer Himmel, Sonne und fr\u00fchsommerliche Temperaturen. In den vergangenen Tagen kratzte das Thermometer in <a href=\"https:\/\/rp-online.de\/thema\/moenchengladbach\/\" rel=\"nofollow noopener\" target=\"_blank\">M\u00f6nchengladbach<\/a> sogar schon an der 20-Grad-Marke. Die soll am Wochenende sogar geknackt werden. H\u00f6chste Zeit also, auf den gastronomischen Terrassen in der Stadt einen Cappuccino, Snacks oder Kaltgetr\u00e4nke zu genie\u00dfen. Das Angebot ist gro\u00df, hier nur einige Tipps:<\/p>\n","protected":false},"excerpt":{"rendered":"Vitamin D wird bekanntlich zum gr\u00f6\u00dften Teil mithilfe von Sonnenstrahlen im K\u00f6rper gebildet. Der Fr\u00fchling ist also der&hellip;\n","protected":false},"author":2,"featured_media":849315,"comment_status":"","ping_status":"","sticky":false,"template":"","format":"standard","meta":{"footnotes":"","_share_on_mastodon":"0"},"categories":[1849],"tags":[188845,3364,29,548,663,3934,6763,30,13,4455,14,15,1209,12,21628,188846],"class_list":["post-849314","post","type-post","status-publish","format-standard","has-post-thumbnail","category-moenchengladbach","tag-aussenterassen","tag-de","tag-deutschland","tag-eu","tag-europa","tag-europe","tag-gastronomie","tag-germany","tag-headlines","tag-moenchengladbach","tag-nachrichten","tag-news","tag-nordrhein-westfalen","tag-schlagzeilen","tag-schoene","tag-sonnigen"],"share_on_mastodon":{"url":"https:\/\/pubeurope.com\/@de\/116186130954513887","error":""},"_links":{"self":[{"href":"https:\/\/www.europesays.com\/de\/wp-json\/wp\/v2\/posts\/849314","targetHints":{"allow":["GET"]}}],"collection":[{"href":"https:\/\/www.europesays.com\/de\/wp-json\/wp\/v2\/posts"}],"about":[{"href":"https:\/\/www.europesays.com\/de\/wp-json\/wp\/v2\/types\/post"}],"author":[{"embeddable":true,"href":"https:\/\/www.europesays.com\/de\/wp-json\/wp\/v2\/users\/2"}],"replies":[{"embeddable":true,"href":"https:\/\/www.europesays.com\/de\/wp-json\/wp\/v2\/comments?post=849314"}],"version-history":[{"count":0,"href":"https:\/\/www.europesays.com\/de\/wp-json\/wp\/v2\/posts\/849314\/revisions"}],"wp:featuredmedia":[{"embeddable":true,"href":"https:\/\/www.europesays.com\/de\/wp-json\/wp\/v2\/media\/849315"}],"wp:attachment":[{"href":"https:\/\/www.europesays.com\/de\/wp-json\/wp\/v2\/media?parent=849314"}],"wp:term":[{"taxonomy":"category","embeddable":true,"href":"https:\/\/www.europesays.com\/de\/wp-json\/wp\/v2\/categories?post=849314"},{"taxonomy":"post_tag","embeddable":true,"href":"https:\/\/www.europesays.com\/de\/wp-json\/wp\/v2\/tags?post=849314"}],"curies":[{"name":"wp","href":"https:\/\/api.w.org\/{rel}","templated":true}]}}