{"id":849664,"date":"2026-03-07T08:54:17","date_gmt":"2026-03-07T08:54:17","guid":{"rendered":"https:\/\/www.europesays.com\/de\/849664\/"},"modified":"2026-03-07T08:54:17","modified_gmt":"2026-03-07T08:54:17","slug":"geschwister-true-gewinnen-preis-als-beste-wochenmarkthaendler","status":"publish","type":"post","link":"https:\/\/www.europesays.com\/de\/849664\/","title":{"rendered":"Geschwister True gewinnen Preis als &#8222;beste Wochenmarkth\u00e4ndler&#8220;"},"content":{"rendered":"<p>Wo Bremen einkauft <\/p>\n<p>Diese Geschwister sind die &#8222;besten Wochenmarkth\u00e4ndler&#8220;<\/p>\n<p>07.03.2026 &#8211; 09:10 UhrLesedauer: 2 Min.<\/p>\n<p><a href=\"#focus-0\" class=\"transition-colors duration-200 block text-current relative\" data-sctrack=\"FocusGalleryImage.Reference\"><img fetchpriority=\"high\" data-testid=\"Opener.Image\" style=\"--lqipURL:url('https:\/\/images.t-online.de\/2025\/08\/YEdX-lqu4vTx\/0x104:2048x1152\/fit-in\/150x0\/filters:blur(25)\/bei-salat-liegt-der-deutsche-selbstversorgungsgrad-etwas-hoeher-als-bei-anderen-gemuesearten-archivbild.jpg')\"   loading=\"eager\" src=\"https:\/\/www.europesays.com\/de\/wp-content\/uploads\/2026\/03\/bei-salat-liegt-der-deutsche-selbstversorgungsgrad-etwas-hoeher-als-bei-anderen-gemuesearten-archivb.jpeg\" alt=\"Mainz - Wochenmarkt Domplatz\" title=\"Mainz - Wochenmarkt Domplatz\" width=\"2048\" height=\"1152\" class=\"bg-[url:var(--lqipURL)] bg-cover bg-center flex h-full w-full max-w-full\" decoding=\"async\"\/><img style=\"--width:32;--height:32\" loading=\"lazy\" src=\"https:\/\/bremen.t-online.de\/s\/paper\/_next\/static\/media\/zoom-in.f7dae02f.svg\" alt=\"Vergr\u00f6\u00dfern des Bildes\" title=\"Vergr\u00f6\u00dfern des Bildes\" class=\"block h-[calc(var(--height)_\/_16_*_1rem)] w-[calc(var(--width)_\/_16_*_1rem)] max-w-none absolute bottom-8 right-8 rounded-4 bg-snow p-8\" decoding=\"async\"\/><\/a><\/p>\n<p>Wochenmarkt (Symbolfoto): Regelm\u00e4\u00dfig versorgt das Geschwisterpaar seine Kunden in Bremen. (Quelle: Andreas Arnold\/dpa\/dpa-bilder)<\/p>\n<p class=\"font-bold text-18 leading-17 user-text-lg:text-22 user-text-xl:text-24\">Seit Jahrzehnten stehen sie mit ihrem Obst- und Gem\u00fcsestand auf Bremer Wochenm\u00e4rkten. Daf\u00fcr heimsten sie die Troph\u00e4he &#8222;Bester Wochenmarkth\u00e4ndler des Jahres 2025&#8220; ab.<\/p>\n<p class=\"text-18 leading-17 user-text-lg:text-22 user-text-xl:text-24\">Dieses Bremer Geschwisterpaar l\u00e4sst alle anderen hinter sich und gilt als &#8222;Bester Wochenmarkth\u00e4ndler des Jahres 2025&#8220;: Bj\u00f6rn und Inga True erhielten den begehrten Preis k\u00fcrzlich in Berlin vom Bundesverband der Frischem\u00e4rkte (BDF). Die Ehrung w\u00fcrdigt ihre jahrzehntelange Arbeit auf den Bremer Wochenm\u00e4rkten.<\/p>\n<p class=\"text-18 leading-17 user-text-lg:text-22 user-text-xl:text-24\">Die Familie True steht bereits seit 1988 mit ihrem Stand auf den M\u00e4rkten der Stadt. Viele Bremer kennen die H\u00e4ndler vor allem vom Findorffmarkt, wo sie regelm\u00e4\u00dfig vertreten sind. Aus einem kleinen Verkaufsstand entwickelte sich \u00fcber die Jahre ein fester Anlaufpunkt f\u00fcr Obst, Gem\u00fcse und besondere Spezialit\u00e4ten, hei\u00dft es in einer Mitteilung der Messe Bremen.<\/p>\n<p class=\"text-18 leading-17 user-text-lg:text-22 user-text-xl:text-24\">&#8222;Die Auszeichnung f\u00fcr Bj\u00f6rn und Inga True ist absolut verdient&#8220;, sagt Lars Jansen, Bereichsleiter beim Gro\u00dfmarkt Bremen. Die beiden st\u00fcnden seit vielen Jahren &#8222;f\u00fcr Qualit\u00e4t und Verl\u00e4sslichkeit&#8220; und bereicherten die M\u00e4rkte mit Fachwissen und Engagement.<\/p>\n<p class=\"text-18 leading-17 user-text-lg:text-22 user-text-xl:text-24\">Auch bundesweit ist das Geschwisterpaar in der Branche bekannt. Besonders gesch\u00e4tzt wird ihre gro\u00dfe Auswahl \u2013 etwa bei Tomatensorten \u2013 sowie regionale Produkte wie Bremer Scheerkohl, den die Familie noch selbst anbaut und in der Saison verkauft.<\/p>\n<p class=\"text-18 leading-17 user-text-lg:text-22 user-text-xl:text-24\">Der Branchenverband BDF w\u00fcrdigt mit dem Preis H\u00e4ndler, die Wochenm\u00e4rkte \u00fcber viele Jahre pr\u00e4gen. &#8222;Wir k\u00fcren hier ein engagiertes Geschwisterpaar, das die Bremer Wochenm\u00e4rkte entscheidend gepr\u00e4gt hat&#8220;, sagt BDF-Vorstand Thomas Lehmann. Sie st\u00fcnden stellvertretend f\u00fcr H\u00e4ndler, &#8222;die sich Tag f\u00fcr Tag richtig reinknien&#8220;.<\/p>\n<p class=\"text-18 leading-17 user-text-lg:text-22 user-text-xl:text-24\">Die Auszeichnung wird im Rahmen der Branchenveranstaltung Fructinale in Berlin \u00fcberreicht. Traditionell erhalten die Gewinner dabei auch eine Troph\u00e4e \u2013 den sogenannten &#8222;Buddy B\u00e4r&#8220;.<\/p>\n","protected":false},"excerpt":{"rendered":"Wo Bremen einkauft Diese Geschwister sind die &#8222;besten Wochenmarkth\u00e4ndler&#8220; 07.03.2026 &#8211; 09:10 UhrLesedauer: 2 Min. Wochenmarkt (Symbolfoto): Regelm\u00e4\u00dfig&hellip;\n","protected":false},"author":2,"featured_media":849665,"comment_status":"","ping_status":"","sticky":false,"template":"","format":"standard","meta":{"footnotes":"","_share_on_mastodon":"0"},"categories":[1824],"tags":[296,2420,3364,29,9595,30,40890,188911,867,12043],"class_list":["post-849664","post","type-post","status-publish","format-standard","has-post-thumbnail","category-bremen","tag-berlin","tag-bremen","tag-de","tag-deutschland","tag-gemuesestand","tag-germany","tag-geschwisterpaar","tag-inga-true","tag-obst","tag-wochenmarkt"],"share_on_mastodon":{"url":"https:\/\/pubeurope.com\/@de\/116187055368754830","error":""},"_links":{"self":[{"href":"https:\/\/www.europesays.com\/de\/wp-json\/wp\/v2\/posts\/849664","targetHints":{"allow":["GET"]}}],"collection":[{"href":"https:\/\/www.europesays.com\/de\/wp-json\/wp\/v2\/posts"}],"about":[{"href":"https:\/\/www.europesays.com\/de\/wp-json\/wp\/v2\/types\/post"}],"author":[{"embeddable":true,"href":"https:\/\/www.europesays.com\/de\/wp-json\/wp\/v2\/users\/2"}],"replies":[{"embeddable":true,"href":"https:\/\/www.europesays.com\/de\/wp-json\/wp\/v2\/comments?post=849664"}],"version-history":[{"count":0,"href":"https:\/\/www.europesays.com\/de\/wp-json\/wp\/v2\/posts\/849664\/revisions"}],"wp:featuredmedia":[{"embeddable":true,"href":"https:\/\/www.europesays.com\/de\/wp-json\/wp\/v2\/media\/849665"}],"wp:attachment":[{"href":"https:\/\/www.europesays.com\/de\/wp-json\/wp\/v2\/media?parent=849664"}],"wp:term":[{"taxonomy":"category","embeddable":true,"href":"https:\/\/www.europesays.com\/de\/wp-json\/wp\/v2\/categories?post=849664"},{"taxonomy":"post_tag","embeddable":true,"href":"https:\/\/www.europesays.com\/de\/wp-json\/wp\/v2\/tags?post=849664"}],"curies":[{"name":"wp","href":"https:\/\/api.w.org\/{rel}","templated":true}]}}