{"id":849673,"date":"2026-03-07T08:59:38","date_gmt":"2026-03-07T08:59:38","guid":{"rendered":"https:\/\/www.europesays.com\/de\/849673\/"},"modified":"2026-03-07T08:59:38","modified_gmt":"2026-03-07T08:59:38","slug":"angst-vor-der-wehrpflicht-kreuzer-online","status":"publish","type":"post","link":"https:\/\/www.europesays.com\/de\/849673\/","title":{"rendered":"Angst vor der Wehrpflicht \u2014 kreuzer online"},"content":{"rendered":"<p>Mit lauten Rufen erreichte der letzte von drei Demonstrationsz\u00fcgen aus dem S\u00fcden, Osten und Westen Leipzigs den Augustusplatz. Dort sammelten sich am Donnerstag, den 5. M\u00e4rz um 10 Uhr morgens etwa 500 Sch\u00fclerinnen und Sch\u00fcler, um mit gro\u00dfen Transparenten und Fahnen gegen die Neue Wehrpflicht zu streiken. Organisiert wurde die Kundgebung mit mehreren Redebeitr\u00e4gen und Infost\u00e4nden von dem B\u00fcndnis \u00bbSchulstreik gegen Wehrpflicht\u00ab. Der Protest endet mit einer gro\u00dfen Demonstration mit 4000 Teilnehmenden am Abend.<\/p>\n<p>Im Dezember 2025 wurde das Gesetz zum Neuen Wehrdienst verabschiedet. Dieses soll die Funktionsf\u00e4higkeit und Einsatzbereitschaft der Bundeswehr sicherstellen. Seit Januar 2026 erhalten deshalb alle M\u00e4nner und Frauen ab 18 Jahren einen Fragebogen. Dieser soll Motivation und Eignung f\u00fcr die Teilnahme am Wehrdienst ermitteln. F\u00fcr M\u00e4nner, die nach Januar 2008 geboren wurden, wird zudem die Musterung wieder Pflicht, um die Eignung f\u00fcr den Wehrdienst zu pr\u00fcfen. Laut dem Deutschen Bundestag wird ein Dienst auf freiwilliger Basis angestrebt.<\/p>\n<p>Bereits im Dezember 2025 streikten am Tag der Gesetzesbestimmung in Leipzig 300 Sch\u00fclerinnen und Sch\u00fcler. Heute sind es laut Veranstaltern etwa 500. \u00bbWir sind jetzt nochmal auf der Stra\u00dfe, weil wir nicht daran glauben, dass das Wehrdienstmodernisierungsgesetz der letzte Schritt der Bundesregierung ist\u00ab, erkl\u00e4rt der 22-j\u00e4hrige Luca von dem B\u00fcndnis w\u00e4hrend der Kundgebung. Das Organisationsteam ist mit anderen Schulstreikkomitees in ganz Deutschland vernetzt. <\/p>\n<p>Das B\u00fcndnis geht aber nicht nur gegen den Wehrdienst auf die Stra\u00dfe. \u00bbUnsere Forderungen dabei sind, dass generell Kriege einfach nicht mehr gef\u00fchrt werden\u00ab, sagte Greta Tauber. Die 16-j\u00e4hrige Sch\u00fclerin ist Teil der Organisation Internationale Jugend Leipzig. Sie war bereits im Dezember 2025 beim Streik dabei. Auch wenn immer etwas Angst vor Konsequenzen mitschwinge, sei sie bereit diese in Kauf zu nehmen. In Leipzig h\u00e4tte es bereits an einigen Schulen Repressionen auf Grund dessen gegeben. \u00bbEs wurden zum Beispiel Listen gef\u00fchrt von politisch aktiven Sch\u00fclerinnen und Sch\u00fclern\u00ab, erz\u00e4hlte Tauber.<\/p>\n<p>Wie Schulen mit den streikenden Sch\u00fclerinnen und Sch\u00fclern umgehen, ist unterschiedlich. Henrik geht in die 12. Klasse eine Leipziger Schule und streikt heute auch. Er berichtet von Unterst\u00fctzung aus den Reihen der Lehrkr\u00e4fte: \u00bbDie Lehrer machen heute keinen pr\u00fcfungsrelevanten Unterricht.\u00ab\u00a0Klassenarbeiten und Tests k\u00f6nnten sie nachholen. Die Anzahl der Streikenden sei im Verh\u00e4ltnis zu den m\u00f6glichen Konsequenzen hoch, stellt die ehemalige Lehrerin Cornelia Falken fest, die Stadtr\u00e4tin bei der Partei Die Linke ist. Sie findet es gut, dass die Sch\u00fclerinnen und Sch\u00fcler streiken. Falken erg\u00e4nzt: \u00bbNach unserer Auffassung ist eine Wehrpflicht \u00fcberhaupt nicht zielf\u00fchrend und nicht notwendig.\u00ab<\/p>\n<p>Luise Wonneberg unterst\u00fctzt es ebenfalls, dass die Jugendlichen sich zu dem Thema \u00e4u\u00dfern und Stellung beziehen. Sie ist als Mutter eines schulpflichtigen Sohnes auf dem Streik dabei. \u00bbIch habe generell ein Problem damit, die junge Generation f\u00fcr das verantwortlich zu machen, was die alte verbockt hat\u00ab, erz\u00e4hlte die 38-J\u00e4hrige.<\/p>\n<p>Marla und Luisa sind 14 und 13 Jahre alt und sind auf dem Streik, weil sie Angst haben, dass irgendwann doch eine Wehrpflicht kommt. \u00bbMan kann ja nicht einfach \u00fcber das Leben von anderen entscheiden und sagen, ihr m\u00fcsst jetzt in die Armee gehen\u00ab,erkl\u00e4rt Luisa.<\/p>\n<p>F\u00fcr Nachwuchs wirbt die Bundeswehr auch direkt bei Besuchen von Schulen. \u00bbIn Leipzig passiert das andauernd\u00ab, erz\u00e4hlte Tauber. Das B\u00fcndnis setze sich daher auch f\u00fcr \u00bbbundeswehrfreie Schulen\u00ab ein. \u00bbWir sehen die Bundeswehr nicht als normalen Arbeitgeber und finden es verwerflich, dass die Bundeswehr durch die Schulen an junge Leute herangetragen wird\u00ab, f\u00fchrte Luca aus. Er h\u00e4lt die R\u00fccknahme des neuen Gesetzes f\u00fcr sehr unwahrscheinlich, hofft aber darauf, dass es nicht noch weiter versch\u00e4rft wird. \u00bbAm besten w\u00e4re nat\u00fcrlich, wenn es auf der Welt keinen Krieg mehr gibt\u00ab, w\u00fcnscht sich Henrik.<\/p>\n<p>Am Abend versammeln sich die Sch\u00fclerinnen und Sch\u00fcler erneut auf dem Augustusplatz, um ihren Protest auf die Stra\u00dfe zu tragen. Unterst\u00fctzt wurden sie dieses Mal von jungen Menschen im Ausbildungs- und Studienalter, sowie von Parteien und Gewerkschaften. Unter den Leitspr\u00fcchen \u00bbNie, nie, nie wieder Wehrpflicht\u00ab und \u00bbDie Reichen wollen Krieg, die Jugend eine Zukunft\u00ab zieht die Demonstration ab 17 Uhr entlang des Innenstadtrings. Zur\u00fcck am Augustusplatz angekommen, steht der letzte Programmpunkt an. Der Leipziger Rapper \u00bbHexer\u00ab l\u00e4sst den langen Tag des \u00bbSchulstreiks gegen die Wehrpflicht\u00ab mit einem kostenlosen Konzert ausklingen. <\/p>\n","protected":false},"excerpt":{"rendered":"Mit lauten Rufen erreichte der letzte von drei Demonstrationsz\u00fcgen aus dem S\u00fcden, Osten und Westen Leipzigs den Augustusplatz.&hellip;\n","protected":false},"author":2,"featured_media":849674,"comment_status":"","ping_status":"","sticky":false,"template":"","format":"standard","meta":{"footnotes":"","_share_on_mastodon":"0"},"categories":[1832],"tags":[685,3364,3387,507,29,9210,188913,30,1722,16731,71,127036,859,1978,45059,1238,690],"class_list":["post-849673","post","type-post","status-publish","format-standard","has-post-thumbnail","category-leipzig","tag-bundeswehr","tag-de","tag-demo","tag-demonstration","tag-deutschland","tag-erwachsene","tag-gegegenwehr","tag-germany","tag-jugendliche","tag-junge","tag-leipzig","tag-musterung","tag-sachsen","tag-schueler","tag-schuelerin","tag-streik","tag-wehrpflicht"],"share_on_mastodon":{"url":"https:\/\/pubeurope.com\/@de\/116187075006537604","error":""},"_links":{"self":[{"href":"https:\/\/www.europesays.com\/de\/wp-json\/wp\/v2\/posts\/849673","targetHints":{"allow":["GET"]}}],"collection":[{"href":"https:\/\/www.europesays.com\/de\/wp-json\/wp\/v2\/posts"}],"about":[{"href":"https:\/\/www.europesays.com\/de\/wp-json\/wp\/v2\/types\/post"}],"author":[{"embeddable":true,"href":"https:\/\/www.europesays.com\/de\/wp-json\/wp\/v2\/users\/2"}],"replies":[{"embeddable":true,"href":"https:\/\/www.europesays.com\/de\/wp-json\/wp\/v2\/comments?post=849673"}],"version-history":[{"count":0,"href":"https:\/\/www.europesays.com\/de\/wp-json\/wp\/v2\/posts\/849673\/revisions"}],"wp:featuredmedia":[{"embeddable":true,"href":"https:\/\/www.europesays.com\/de\/wp-json\/wp\/v2\/media\/849674"}],"wp:attachment":[{"href":"https:\/\/www.europesays.com\/de\/wp-json\/wp\/v2\/media?parent=849673"}],"wp:term":[{"taxonomy":"category","embeddable":true,"href":"https:\/\/www.europesays.com\/de\/wp-json\/wp\/v2\/categories?post=849673"},{"taxonomy":"post_tag","embeddable":true,"href":"https:\/\/www.europesays.com\/de\/wp-json\/wp\/v2\/tags?post=849673"}],"curies":[{"name":"wp","href":"https:\/\/api.w.org\/{rel}","templated":true}]}}