{"id":849967,"date":"2026-03-07T11:49:17","date_gmt":"2026-03-07T11:49:17","guid":{"rendered":"https:\/\/www.europesays.com\/de\/849967\/"},"modified":"2026-03-07T11:49:17","modified_gmt":"2026-03-07T11:49:17","slug":"bvb-julian-brandt-vor-abschied-von-borussia-dortmund-fussball","status":"publish","type":"post","link":"https:\/\/www.europesays.com\/de\/849967\/","title":{"rendered":"BVB: Julian Brandt vor Abschied von Borussia Dortmund | Fu\u00dfball"},"content":{"rendered":"<p><a class=\"skip-content skip-content--link\" href=\"#in-content-skip-link-target-v-0-0\">TTS-Player \u00fcberspringen\u21b5<\/a><a id=\"in-content-skip-link-target-v-0-0\" class=\"skip-content--target-link-hidden skip-content skip-content--target-link\" href=\"#in-content-skip-link-target-v-0-0\">Artikel weiterlesen<\/a><\/p>\n<p><b>Steht Julian Brandt vor einem Abgang vom BVB? Die Verl\u00e4ngerung seines Vertrages schien eigentlich Formsache zu sein. Doch pl\u00f6tzlich verdichten sich nach BILD-Informationen die Anzeichen, dass sich die Wege des 29-J\u00e4hrigen und Borussia Dortmund trennen werden. Dabei hatten die Verantwortlichen der Schwarz-Gelben monatelang anders geplant. <\/b><\/p>\n<p>Der Mittelfeld-Star tr\u00e4gt das BVB-Trikot seit 2019, ist inzwischen sogar dienst\u00e4ltester Profi im Kader. Mit rund 8 Mio. Euro Jahresgehalt geh\u00f6rt er zu den Besserverdienern im Team. Doch Gehalt und Leistung klaffen seit Jahren zu oft auseinander.<\/p>\n<p>Mehr zum Thema<\/p>\n<p>Brandt (10 Pflichtspieltreffer, 2 Vorlagen) ist das Sinnbild der Dortmunder Achterbahnfahrt. An Sahnetagen WELTKLASSE, zaubert wie kaum ein anderer, l\u00e4sst die Fans schw\u00e4rmen. Trainer Niko Kova\u010d (54) stellte ihn im Februar 2025 im Mittelfeld-Ranking sogar auf eine Stufe mit Superstar Jamal Musiala (Bayern) und Florian Wirtz (Liverpool), nannte Brandt einen der besten drei Spieler der Liga.<\/p>\n<p>Doch: Inzwischen wei\u00df auch Kova\u010d: Bei Brandt gibt es einfach zu viele Spiele, in denen er komplett abtaucht. Das wurde auch in der Chef-Etage registriert. Und deshalb gibt es nun die gro\u00dfen Zweifel an einer gemeinsamen Zukunft.<\/p>\n<p>Brandt ist ein 48-facher Ex-Nationalspieler, aber viel zu oft ohne Einfluss, ohne Pr\u00e4senz, ohne PS. Beispiele: Beim Champions-League-Debakel in den Play-Offs bei Atalanta Bergamo (1:4) musste Brandt nach entt\u00e4uschenden 60 Minuten vom Platz. Beim 2:3 gegen Bayern war nach 75 Minuten Schluss. Gerade in den gro\u00dfen Spielen bringt der begnadete Techniker seine Qualit\u00e4ten viel zu selten konstant auf den Rasen.<\/p>\n<p><img decoding=\"async\" width=\"992\" height=\"1178\" alt=\"Julian Brandt (29)\" src=\"https:\/\/www.europesays.com\/de\/wp-content\/uploads\/2026\/03\/b3bb8fc6e6c6dd49d2879297690f8138,edcaffa2.jpeg\"   class=\"portrait\" loading=\"lazy\"\/><\/p>\n<p class=\"fig__caption__text\">Julian Brandt (29) <\/p>\n<p>Foto: picture alliance\/dpa\/Revierfoto<\/p>\n<p>Die Bilanz in dieser Saison: 22-mal in der Startelf, 7-mal eingewechselt. Im Hintergrund bahnt sich deshalb sein Abschied an. <\/p>\n<p>Brandt selbst soll offen f\u00fcr eine neue Herausforderung sein. Seit Monaten h\u00e4lt sich das Ger\u00fccht, dass Aston Villa aus der Premier League scharf auf den deutschen Spielmacher ist.<\/p>\n<p>Dabei war der Plan bei seiner letzten Vertragsverl\u00e4ngerung 2023 ein anderer: Nach dem Abgang von Klub-Legende Marco Reus (36\/zu LA Galaxy) sollte Brandt 2024 zum neuen Aush\u00e4ngeschild von Borussia Dortmund aufgebaut werden. Mehr Verantwortung, mehr Strahlkraft, mehr Macht.<\/p>\n<p>Um ihn zu st\u00e4rken, machte ihn Ex-Trainer Nuri \u015eahin (37\/Basaksehir) zur Saison 2024\/25 sogar zum Vizekapit\u00e4n. Doch auch dieses Kapitel zeigt Brandts Schwankungen. Der Mann mit der prestigetr\u00e4chtigen R\u00fcckennummer 10 \u00fcbergab das Amt als zweiter Binden-Tr\u00e4ger an Nico Schlotterbeck (26). Hintergrund: Weniger Verantwortung neben dem Platz, um die eigene Form zu stabilisieren.<\/p>\n<p>Nun droht die Trennung nach sieben Jahren.<\/p>\n","protected":false},"excerpt":{"rendered":"TTS-Player \u00fcberspringen\u21b5Artikel weiterlesen Steht Julian Brandt vor einem Abgang vom BVB? Die Verl\u00e4ngerung seines Vertrages schien eigentlich Formsache&hellip;\n","protected":false},"author":2,"featured_media":849968,"comment_status":"","ping_status":"","sticky":false,"template":"","format":"standard","meta":{"footnotes":"","_share_on_mastodon":"0"},"categories":[1833],"tags":[888,38788,3364,29,217,538,30,5131,9662,1209,803,45],"class_list":["post-849967","post","type-post","status-publish","format-standard","has-post-thumbnail","category-dortmund","tag-borussia-dortmund","tag-brandt-julian","tag-de","tag-deutschland","tag-dortmund","tag-erste-bundesliga","tag-germany","tag-kovac-niko","tag-no-sport-app","tag-nordrhein-westfalen","tag-spielertransfer","tag-texttospeech"],"share_on_mastodon":{"url":"https:\/\/pubeurope.com\/@de\/116187743347232205","error":""},"_links":{"self":[{"href":"https:\/\/www.europesays.com\/de\/wp-json\/wp\/v2\/posts\/849967","targetHints":{"allow":["GET"]}}],"collection":[{"href":"https:\/\/www.europesays.com\/de\/wp-json\/wp\/v2\/posts"}],"about":[{"href":"https:\/\/www.europesays.com\/de\/wp-json\/wp\/v2\/types\/post"}],"author":[{"embeddable":true,"href":"https:\/\/www.europesays.com\/de\/wp-json\/wp\/v2\/users\/2"}],"replies":[{"embeddable":true,"href":"https:\/\/www.europesays.com\/de\/wp-json\/wp\/v2\/comments?post=849967"}],"version-history":[{"count":0,"href":"https:\/\/www.europesays.com\/de\/wp-json\/wp\/v2\/posts\/849967\/revisions"}],"wp:featuredmedia":[{"embeddable":true,"href":"https:\/\/www.europesays.com\/de\/wp-json\/wp\/v2\/media\/849968"}],"wp:attachment":[{"href":"https:\/\/www.europesays.com\/de\/wp-json\/wp\/v2\/media?parent=849967"}],"wp:term":[{"taxonomy":"category","embeddable":true,"href":"https:\/\/www.europesays.com\/de\/wp-json\/wp\/v2\/categories?post=849967"},{"taxonomy":"post_tag","embeddable":true,"href":"https:\/\/www.europesays.com\/de\/wp-json\/wp\/v2\/tags?post=849967"}],"curies":[{"name":"wp","href":"https:\/\/api.w.org\/{rel}","templated":true}]}}