{"id":849976,"date":"2026-03-07T11:54:14","date_gmt":"2026-03-07T11:54:14","guid":{"rendered":"https:\/\/www.europesays.com\/de\/849976\/"},"modified":"2026-03-07T11:54:14","modified_gmt":"2026-03-07T11:54:14","slug":"ob-nopper-weist-berichterstattung-zur-verlegung-der-interimsoper-zurueck","status":"publish","type":"post","link":"https:\/\/www.europesays.com\/de\/849976\/","title":{"rendered":"OB Nopper weist Berichterstattung zur Verlegung der Interimsoper zur\u00fcck"},"content":{"rendered":"<p>OB Nopper: \u201eDer Vorschlag einer Interimsoper im Forum Ludwigsburg ist eine abstrakte Idee aus Ludwigsburg, die an uns herangetragen wurde \u2013 mehr nicht. Konkrete Details liegen uns bislang nicht vor, deshalb l\u00e4sst sich die Idee derzeit auch nicht seri\u00f6s bewerten. Es ist v\u00f6llig unklar, ob sich das Forum f\u00fcr eine \u00dcbergangsl\u00f6sung eignet. Klar ist jedoch, dass wir jeden ernsthaften Vorschlag zur Kostenreduzierung und Optimierung des Projekts einer Plausibilit\u00e4tspr\u00fcfung unterziehen wollen.\u201c<\/p>\n","protected":false},"excerpt":{"rendered":"OB Nopper: \u201eDer Vorschlag einer Interimsoper im Forum Ludwigsburg ist eine abstrakte Idee aus Ludwigsburg, die an uns&hellip;\n","protected":false},"author":2,"featured_media":4018,"comment_status":"","ping_status":"","sticky":false,"template":"","format":"standard","meta":{"footnotes":"","_share_on_mastodon":"0"},"categories":[1830],"tags":[1634,5507,3364,29,30,188960,3748,97,52672,1441],"class_list":["post-849976","post","type-post","status-publish","format-standard","has-post-thumbnail","category-stuttgart","tag-baden-wuerttemberg","tag-berichterstattung","tag-de","tag-deutschland","tag-germany","tag-interimsoper","tag-oberbuergermeister","tag-oper","tag-opernsanierung","tag-stuttgart"],"share_on_mastodon":{"url":"https:\/\/pubeurope.com\/@de\/116187763162182773","error":""},"_links":{"self":[{"href":"https:\/\/www.europesays.com\/de\/wp-json\/wp\/v2\/posts\/849976","targetHints":{"allow":["GET"]}}],"collection":[{"href":"https:\/\/www.europesays.com\/de\/wp-json\/wp\/v2\/posts"}],"about":[{"href":"https:\/\/www.europesays.com\/de\/wp-json\/wp\/v2\/types\/post"}],"author":[{"embeddable":true,"href":"https:\/\/www.europesays.com\/de\/wp-json\/wp\/v2\/users\/2"}],"replies":[{"embeddable":true,"href":"https:\/\/www.europesays.com\/de\/wp-json\/wp\/v2\/comments?post=849976"}],"version-history":[{"count":0,"href":"https:\/\/www.europesays.com\/de\/wp-json\/wp\/v2\/posts\/849976\/revisions"}],"wp:featuredmedia":[{"embeddable":true,"href":"https:\/\/www.europesays.com\/de\/wp-json\/wp\/v2\/media\/4018"}],"wp:attachment":[{"href":"https:\/\/www.europesays.com\/de\/wp-json\/wp\/v2\/media?parent=849976"}],"wp:term":[{"taxonomy":"category","embeddable":true,"href":"https:\/\/www.europesays.com\/de\/wp-json\/wp\/v2\/categories?post=849976"},{"taxonomy":"post_tag","embeddable":true,"href":"https:\/\/www.europesays.com\/de\/wp-json\/wp\/v2\/tags?post=849976"}],"curies":[{"name":"wp","href":"https:\/\/api.w.org\/{rel}","templated":true}]}}