{"id":850178,"date":"2026-03-07T13:52:25","date_gmt":"2026-03-07T13:52:25","guid":{"rendered":"https:\/\/www.europesays.com\/de\/850178\/"},"modified":"2026-03-07T13:52:25","modified_gmt":"2026-03-07T13:52:25","slug":"ellen-babic-in-kiel-komik-plus-spannung-gleich-psychothriller","status":"publish","type":"post","link":"https:\/\/www.europesays.com\/de\/850178\/","title":{"rendered":"&#8222;Ellen Babic&#8220; in Kiel: Komik plus Spannung gleich Psychothriller"},"content":{"rendered":"<p>        <img decoding=\"async\" src=\"https:\/\/www.europesays.com\/de\/wp-content\/uploads\/2026\/03\/ellenbabic-102.webp.webp\" alt=\"eine Frau St\u00fctzt die Arme auf einen Tisch und schaut ins Publikum, eine junge Frau sitzt auf einem Tisch und zwischen Ihnen feht ein Mann. \" title=\"Jennifer B\u00f6hm, Nikolaus Okonkwo, Tiffany K\u00f6berich | Schauspielhaus Kiel\/Struck\" class=\"responsive\"\/><\/p>\n<p>AUDIO: &#8222;Ellen Babic&#8220; in Kiel: Komik plus Spannung gleich Psychothriller (4 Min)<\/p>\n<p>\n                Stand: 07.03.2026 11:15 Uhr<\/p>\n<p class=\"preface\">Das Kieler Schauspielhaus feiert im Studio die Premiere von &#8222;Ellen Babic&#8220;. Geschrieben hat das St\u00fcck Marius von Mayenburg. F\u00fcr die Zuschauer entwickelt sich auf der B\u00fchne ein unterhaltsamer und spannender Theaterabend.<\/p>\n<p class=\"textauthor\">von Jens Zacharias<\/p>\n<p class=\"\">Astrid, Klara und Wolfram: Die drei Protagonisten des St\u00fccks haben viel miteinander zu tun und kommen auch mal zu einem Arbeitstreffen &#8222;mit Wein bei uns zu Hause&#8220; zusammen, wie es in einem Dialog hei\u00dft. Astrid ist Lehrerin an einer Schule, Klara ihre Lebensgef\u00e4hrtin und Wolfram als Schuldirektor Astrids Chef. Gespielt werden die drei Figuren von Jennifer B\u00f6hm, Tiffany K\u00f6berich und Nikolaus Okonkwo.<\/p>\n<p class=\"\">Die Drei haben f\u00fcr das St\u00fcck auch vor Ort recherchiert, wie Regisseurin Kristin Trosits erz\u00e4hlt: &#8222;Wir sind in die Schule gegangen und haben mit einer Lehrerin und einem Schuldirektor gesprochen. Wir haben versucht, viel von der Au\u00dfenwelt ins Theater reinzuziehen.&#8220; Tiffany K\u00f6berich alias Klara war in der hauseigenen Tischlerei, denn im St\u00fcck ist sie auch eine echte Holzexpertin: &#8222;Ich habe da ein Praktikum gemacht den ganzen Tag und mal geschaut, wie unsere Kollegen im Opernhaus so arbeiten.&#8220;<\/p>\n<p>        <img decoding=\"async\" src=\"https:\/\/www.europesays.com\/de\/wp-content\/uploads\/2026\/01\/opernhauskiel106.webp.webp\" alt=\"Das Opernhaus in Kiel bei Nacht\" title=\"Das Opernhaus in Kiel bei Nacht | Olaf Struck, Olaf Struck\" class=\"responsive\" loading=\"lazy\"\/><\/p>\n<p>Schauspiel, Musical, Konzert oder Ballett: Das Theater Kiel h\u00e4lt f\u00fcr Jung und Alt unvergessliche kulturelle Erlebnisse bereit.<\/p>\n<p>    Optische Tricks auf der B\u00fchne<\/p>\n<p class=\"\">Wie bei jedem guten Psychothriller ist alles zu Beginn noch ganz normal. &#8222;Dann schaukelt sich das hoch, und das macht gro\u00dfe Freude&#8220;, erz\u00e4hlt Nikolaus Okonkwo. Das B\u00fchnenbild besteht aus zwei rollbaren Sesseln, die komplett aus B\u00fcchern zusammengeklebt und getackert wurden. B\u00fccher sind \u00fcberall. Aber auch T\u00fcren, die sich nach links und rechts \u00f6ffnen lassen.<\/p>\n<p class=\"\">B\u00fchnenbildnerin Nina Sievers zeigt hier ihr gro\u00dfes K\u00f6nnen, denn die T\u00fcren haben noch etwas Besonderes. &#8222;Die sind ein bisschen gr\u00f6\u00dfer als normal&#8220;, sagt sie lachend und Nikolaus Okonkwo f\u00fcgt an: &#8222;So wirken wir auf der B\u00fchne kleiner.&#8220; Ein optischer Trick, der die kleine B\u00fchne im Studio des Kieler Schauspielhauses gr\u00f6\u00dfer erscheinen l\u00e4sst, als sie tats\u00e4chlich ist.<\/p>\n<p>    Echter Genuss von Anfang bis Ende<\/p>\n<p>                    <a href=\"https:\/\/images.ndr.de\/image\/32f56747-6ece-4640-8824-0d23c191bdae\/AAABnMeY2B4\/AAABmyZE0EA\/16x9-big\/ellenbabic-100.webp?width=576\" class=\"zoomimage\" title=\"Bild vergr\u00f6\u00dfern\" rel=\"nofollow noopener\" target=\"_blank\"><\/p>\n<p>        <img decoding=\"async\" src=\"https:\/\/www.europesays.com\/de\/wp-content\/uploads\/2026\/03\/ellenbabic-100.webp.webp\" alt=\"In einem Klassenzimmer umarmen sich zwei Frauen. Ein Mann steht mit dem R\u00fccken zu ihnen. \" title=\"Jennifer B\u00f6hm, Tiffany K\u00f6berich und Nikolaus Okonkwo in einem Thriller-Kammerspiel. | Struck, Schauspielhaus Kiel\" class=\"responsive\" loading=\"lazy\"\/><\/p>\n<p>                    <\/a><\/p>\n<p>                    Jennifer B\u00f6hm, Tiffany K\u00f6berich und Nikolaus Okonkwo in einem Thriller-Kammerspiel.<\/p>\n<p class=\"\">Klara und Lehrerin Astrid sind schon seit Jahren ein Paar. Astrid, die \u00e4ltere der beiden, ist immer noch Lehrerin an der Schule von Wolfram &#8211; und der kommt, nach einigen Gl\u00e4sern Wei\u00dfwein, mit einem echten Knaller um die Ecke: Astrid soll angeblich eine Sch\u00fclerin missbraucht haben, Ellen Babic aus der zehnten Klasse. H\u00f6rensagen, Ger\u00fcchte und Lehrerzimmer-Geplauder: Schuldirektor Wolfram trumpft immer mehr auf, gibt sich als loyaler Ehrenmann, der Astrid jahrelang vor ihrer K\u00fcndigung bewahrt haben will.<\/p>\n<p class=\"\">Komisch ist nur, dass Astrid bei Sch\u00fclern und Eltern immer \u00e4u\u00dferst beliebt war und noch heute ist. Und an den Verleumdungen Wolframs absolut nichts dran sei, wie sie sagt. Da platzt ihr der Kragen: &#8222;Was Du hier machst, ist eine unversch\u00e4mte, eine \u00fcbergriffige &#8230;&#8220;. Wolfram unterbricht sie lautstark: &#8222;An Deiner Stelle w\u00fcrde ich das Maul nicht so weit aufrei\u00dfen!&#8220; Dass Wolframs sch\u00fctzende Hand auch mal unter Astrids Bluse geriet, hat sie jahrelang stillschweigend erduldet. Doch das ist jetzt vorbei und Spannung bis zu letzt garantiert &#8211; ein echter Genuss von Anfang bis Ende.<\/p>\n<p>        <img decoding=\"async\" src=\"https:\/\/www.europesays.com\/de\/wp-content\/uploads\/2026\/03\/einhandsegler-102.webp.webp\" alt=\"Ein Mann mit einem roten Hemd und einem Buch in der Hand spricht ins Publikum\" title=\"Theater &quot;Die Kom\u00f6dianten&quot; Kiel: &quot;Einhandsegeln&quot;, Ivan Dentler | Thomas Eisenkr\u00e4tzer \/ Theater Die Kom\u00f6dianten\" class=\"responsive\" loading=\"lazy\"\/><\/p>\n<p>Das Kieler Theater Die Kom\u00f6dianten hat das St\u00fcck nach Christian Kortmanns gleichnamigem Roman auf die B\u00fchne gebracht. <\/p>\n<p>        <img decoding=\"async\" src=\"https:\/\/www.europesays.com\/de\/wp-content\/uploads\/2026\/01\/michaelkessler-100.webp.webp\" alt=\"Michael Kessler steht am Rednerpult auf der B\u00fchne\" title=\"Michael Kessler steht am Rednerpult auf der B\u00fchne | NDR.de\" class=\"responsive\" loading=\"lazy\"\/><\/p>\n<p>Die Oper &#8222;Der Ring des Nibelungen&#8220; in einer Loriot-Fassung pr\u00e4sentiert die Kieler Oper mit Comedian Michael Kessler.<\/p>\n<p>        <img decoding=\"async\" src=\"https:\/\/www.europesays.com\/de\/wp-content\/uploads\/2026\/03\/oper-128.webp.webp\" alt=\"Die Kieler Oper.\" title=\"Die Kieler Oper. | Kai Peuckert, NDR\" class=\"responsive\" loading=\"lazy\"\/><\/p>\n<p>Eine Darstellerin verletzte sich bei dem Unfall schwer. Im Dezember soll das St\u00fcck &#8222;Schneewittchen&#8220; wieder auf die B\u00fchne.<\/p>\n<p>                <a href=\"https:\/\/www.europesays.com\/de\/wp-content\/uploads\/2026\/03\/ellenbabic-102.webp.webp\" class=\"zoomimage\" title=\"Bild vergr\u00f6\u00dfern\"><\/p>\n<p>        <img decoding=\"async\" src=\"https:\/\/www.europesays.com\/de\/wp-content\/uploads\/2026\/03\/ellenbabic-102.webp.webp\" alt=\"eine Frau St\u00fctzt die Arme auf einen Tisch und schaut ins Publikum, eine junge Frau sitzt auf einem Tisch und zwischen Ihnen feht ein Mann. \" title=\"Jennifer B\u00f6hm, Nikolaus Okonkwo, Tiffany K\u00f6berich | Schauspielhaus Kiel\/Struck\" class=\"responsive\" loading=\"lazy\"\/><\/p>\n<p>                <\/a><\/p>\n<p>            &#8222;Ellen Babic&#8220; in Kiel: Komik plus Spannung gleich Psychothriller<\/p>\n<p>Das Kieler Schauspielhauses feiert im Studio die Premiere von &#8222;Ellen Babic&#8220;. Geschrieben hat das St\u00fcck Marius von Mayenburg.<\/p>\n<dl class=\"s-100 m-50\">\n<dt>Datum:<\/dt>\n<dd>08.03.2026, 19:30 Uhr<\/dd>\n<dd>15.03.2026, 19:30 Uhr<\/dd>\n<dd>19.03.2026, 19:30 Uhr<\/dd>\n<dd>11.04.2026, 19:30 Uhr<\/dd>\n<dd>19.04.2026, 19:30 Uhr<\/dd>\n<\/dl>\n<dl class=\"s-100 m-50\">\n<\/dl>\n<p>            <a class=\"button\" title=\"Laden Sie diese Veranstaltung in die Terminkalender Anwendung ihres Computers\" href=\"https:\/\/www.ndr.de\/calendar\/ellenbabic-104\" rel=\"nofollow noopener\" target=\"_blank\"> In meinen<br \/>\n                Kalender eintragen<\/a><\/p>\n","protected":false},"excerpt":{"rendered":"AUDIO: &#8222;Ellen Babic&#8220; in Kiel: Komik plus Spannung gleich Psychothriller (4 Min) Stand: 07.03.2026 11:15 Uhr Das Kieler&hellip;\n","protected":false},"author":2,"featured_media":850179,"comment_status":"","ping_status":"","sticky":false,"template":"","format":"standard","meta":{"footnotes":"","_share_on_mastodon":"0"},"categories":[1852],"tags":[3364,29,188976,548,663,3934,30,13,4949,14,15,18017,12,1971,94],"class_list":["post-850178","post","type-post","status-publish","format-standard","has-post-thumbnail","category-kiel","tag-de","tag-deutschland","tag-ellen-babic","tag-eu","tag-europa","tag-europe","tag-germany","tag-headlines","tag-kiel","tag-nachrichten","tag-news","tag-psychothriller","tag-schlagzeilen","tag-schleswig-holstein","tag-theater"],"share_on_mastodon":{"url":"https:\/\/pubeurope.com\/@de\/116188227442408991","error":""},"_links":{"self":[{"href":"https:\/\/www.europesays.com\/de\/wp-json\/wp\/v2\/posts\/850178","targetHints":{"allow":["GET"]}}],"collection":[{"href":"https:\/\/www.europesays.com\/de\/wp-json\/wp\/v2\/posts"}],"about":[{"href":"https:\/\/www.europesays.com\/de\/wp-json\/wp\/v2\/types\/post"}],"author":[{"embeddable":true,"href":"https:\/\/www.europesays.com\/de\/wp-json\/wp\/v2\/users\/2"}],"replies":[{"embeddable":true,"href":"https:\/\/www.europesays.com\/de\/wp-json\/wp\/v2\/comments?post=850178"}],"version-history":[{"count":0,"href":"https:\/\/www.europesays.com\/de\/wp-json\/wp\/v2\/posts\/850178\/revisions"}],"wp:featuredmedia":[{"embeddable":true,"href":"https:\/\/www.europesays.com\/de\/wp-json\/wp\/v2\/media\/850179"}],"wp:attachment":[{"href":"https:\/\/www.europesays.com\/de\/wp-json\/wp\/v2\/media?parent=850178"}],"wp:term":[{"taxonomy":"category","embeddable":true,"href":"https:\/\/www.europesays.com\/de\/wp-json\/wp\/v2\/categories?post=850178"},{"taxonomy":"post_tag","embeddable":true,"href":"https:\/\/www.europesays.com\/de\/wp-json\/wp\/v2\/tags?post=850178"}],"curies":[{"name":"wp","href":"https:\/\/api.w.org\/{rel}","templated":true}]}}