{"id":850330,"date":"2026-03-07T15:31:18","date_gmt":"2026-03-07T15:31:18","guid":{"rendered":"https:\/\/www.europesays.com\/de\/850330\/"},"modified":"2026-03-07T15:31:18","modified_gmt":"2026-03-07T15:31:18","slug":"1-fc-koeln-u21-derby-liveticker-gegen-moenchengladbach","status":"publish","type":"post","link":"https:\/\/www.europesays.com\/de\/850330\/","title":{"rendered":"1. FC K\u00f6ln U21: Derby-Liveticker gegen M\u00f6nchengladbach"},"content":{"rendered":"<p><strong>Seit vier Spieltagen wartet die U21 des 1. FC K\u00f6ln auf ihren n\u00e4chsten Sieg. Beim kleinen Derby gegen den Nachwuchs von Borussia M\u00f6nchengladbach soll die Durstrecke am Samstag enden. Der GEISSBLOG tickert das Spiel live. <\/strong><\/p>\n<p><strong>Borussia M\u00f6nchengladbach U23 \u2013 1. FC K\u00f6ln U21<br \/>Datum: <\/strong>07. M\u00e4rz 2026<br \/><strong>Ansto\u00df:<\/strong> 16.00 Uhr <br \/><strong>Ort:<\/strong> Grenzlandstadion, M\u00f6nchengladbach<br \/><strong>Schiedsrichter: <\/strong>Lasse L\u00fctke-Kappenberg <\/p>\n","protected":false},"excerpt":{"rendered":"Seit vier Spieltagen wartet die U21 des 1. FC K\u00f6ln auf ihren n\u00e4chsten Sieg. Beim kleinen Derby gegen&hellip;\n","protected":false},"author":2,"featured_media":850331,"comment_status":"","ping_status":"","sticky":false,"template":"","format":"standard","meta":{"footnotes":"","_share_on_mastodon":"0"},"categories":[1849],"tags":[3364,29,548,663,3934,30,13,188,4455,14,15,1209,3840,12,22156],"class_list":["post-850330","post","type-post","status-publish","format-standard","has-post-thumbnail","category-moenchengladbach","tag-de","tag-deutschland","tag-eu","tag-europa","tag-europe","tag-germany","tag-headlines","tag-liveticker","tag-moenchengladbach","tag-nachrichten","tag-news","tag-nordrhein-westfalen","tag-regionalliga-west","tag-schlagzeilen","tag-u21"],"share_on_mastodon":{"url":"https:\/\/pubeurope.com\/@de\/116188616012610838","error":""},"_links":{"self":[{"href":"https:\/\/www.europesays.com\/de\/wp-json\/wp\/v2\/posts\/850330","targetHints":{"allow":["GET"]}}],"collection":[{"href":"https:\/\/www.europesays.com\/de\/wp-json\/wp\/v2\/posts"}],"about":[{"href":"https:\/\/www.europesays.com\/de\/wp-json\/wp\/v2\/types\/post"}],"author":[{"embeddable":true,"href":"https:\/\/www.europesays.com\/de\/wp-json\/wp\/v2\/users\/2"}],"replies":[{"embeddable":true,"href":"https:\/\/www.europesays.com\/de\/wp-json\/wp\/v2\/comments?post=850330"}],"version-history":[{"count":0,"href":"https:\/\/www.europesays.com\/de\/wp-json\/wp\/v2\/posts\/850330\/revisions"}],"wp:featuredmedia":[{"embeddable":true,"href":"https:\/\/www.europesays.com\/de\/wp-json\/wp\/v2\/media\/850331"}],"wp:attachment":[{"href":"https:\/\/www.europesays.com\/de\/wp-json\/wp\/v2\/media?parent=850330"}],"wp:term":[{"taxonomy":"category","embeddable":true,"href":"https:\/\/www.europesays.com\/de\/wp-json\/wp\/v2\/categories?post=850330"},{"taxonomy":"post_tag","embeddable":true,"href":"https:\/\/www.europesays.com\/de\/wp-json\/wp\/v2\/tags?post=850330"}],"curies":[{"name":"wp","href":"https:\/\/api.w.org\/{rel}","templated":true}]}}