{"id":850972,"date":"2026-03-07T22:19:17","date_gmt":"2026-03-07T22:19:17","guid":{"rendered":"https:\/\/www.europesays.com\/de\/850972\/"},"modified":"2026-03-07T22:19:17","modified_gmt":"2026-03-07T22:19:17","slug":"strassenbahn-stoesst-mit-fussgaenger-zusammen","status":"publish","type":"post","link":"https:\/\/www.europesays.com\/de\/850972\/","title":{"rendered":"Stra\u00dfenbahn st\u00f6\u00dft mit Fu\u00dfg\u00e4nger zusammen"},"content":{"rendered":"<p>Zwei Verletzte<\/p>\n<p>Unfall an der Ammonstra\u00dfe in Dresden: Stra\u00dfenbahn st\u00f6\u00dft mit Fu\u00dfg\u00e4nger zusammen<\/p>\n<p><img decoding=\"async\" alt=\"An der Ecke Ammonstra\u00dfe kollidierte ein Fu\u00dfg\u00e4nger mit einer Stra\u00dfenbahn der Linie 10.\" fetchpriority=\"high\"  src=\"https:\/\/www.europesays.com\/de\/wp-content\/uploads\/2026\/03\/4KA3THXTWRDZTMNLMZ6XLIJ72I.jpg\" \/><\/p>\n<p class=\"Textstyled__Text-sc-1cqv9mi-0 dKgfuR ArticleHeadstyled__ArticleSubHeadline-sc-tdzyy5-11 fXdZot\">Am Samstag kam es in Dresden an der Ecke Ammonstra\u00dfe zum Zusammensto\u00df einer Stra\u00dfenbahn der Linie 10 mit einem Fu\u00dfg\u00e4nger. Der Mann sowie der Fahrer der Stra\u00dfenbahn wurden verletzt.  <\/p>\n<p class=\"Textstyled__Text-sc-1cqv9mi-0 dKgfuR\">Dresden. Gegen 15.45 Uhr kam es in Dresden auf der Rosenstra\u00dfe zu einem Verkehrsunfall. Laut Polizeiangaben stie\u00df eine Stra\u00dfenbahn der Linie 10 an der Ecke Ammonstra\u00dfe mit einem Fu\u00dfg\u00e4nger zusammen. <\/p>\n<p>Weiterlesen nach der Anzeige<\/p>\n<p>Weiterlesen nach der Anzeige<\/p>\n<p class=\"Textstyled__Text-sc-1cqv9mi-0 dKgfuR\">Der Mann sowie der Fahrer der Stra\u00dfenbahn wurden verletzt und ins Krankenhaus eingeliefert. Nach Informationen der Polizei wurden beide aber nur leicht verletzt. <\/p>\n<p class=\"Textstyled__Text-sc-1cqv9mi-0 dKgfuR\">Der Stra\u00dfenbahnbetrieb in Richtung Bahnhof Mitte war laut eines Fotoreporters unterbrochen und die Rosenstra\u00dfe im Bereich des Bahn\u00fcbergangs gesperrt. Die Polizei ermittelt zur Unfallursache. <\/p>\n<p class=\"Editorialstyled__Editorial-sc-1bfvh9l-0 cSmjnJ\">SZ<\/p>\n","protected":false},"excerpt":{"rendered":"Zwei Verletzte Unfall an der Ammonstra\u00dfe in Dresden: Stra\u00dfenbahn st\u00f6\u00dft mit Fu\u00dfg\u00e4nger zusammen Am Samstag kam es in&hellip;\n","protected":false},"author":2,"featured_media":850973,"comment_status":"","ping_status":"","sticky":false,"template":"","format":"standard","meta":{"footnotes":"","_share_on_mastodon":"0"},"categories":[1835],"tags":[3364,29,2386,30,859],"class_list":["post-850972","post","type-post","status-publish","format-standard","has-post-thumbnail","category-dresden","tag-de","tag-deutschland","tag-dresden","tag-germany","tag-sachsen"],"share_on_mastodon":{"url":"https:\/\/pubeurope.com\/@de\/116190220618875914","error":""},"_links":{"self":[{"href":"https:\/\/www.europesays.com\/de\/wp-json\/wp\/v2\/posts\/850972","targetHints":{"allow":["GET"]}}],"collection":[{"href":"https:\/\/www.europesays.com\/de\/wp-json\/wp\/v2\/posts"}],"about":[{"href":"https:\/\/www.europesays.com\/de\/wp-json\/wp\/v2\/types\/post"}],"author":[{"embeddable":true,"href":"https:\/\/www.europesays.com\/de\/wp-json\/wp\/v2\/users\/2"}],"replies":[{"embeddable":true,"href":"https:\/\/www.europesays.com\/de\/wp-json\/wp\/v2\/comments?post=850972"}],"version-history":[{"count":0,"href":"https:\/\/www.europesays.com\/de\/wp-json\/wp\/v2\/posts\/850972\/revisions"}],"wp:featuredmedia":[{"embeddable":true,"href":"https:\/\/www.europesays.com\/de\/wp-json\/wp\/v2\/media\/850973"}],"wp:attachment":[{"href":"https:\/\/www.europesays.com\/de\/wp-json\/wp\/v2\/media?parent=850972"}],"wp:term":[{"taxonomy":"category","embeddable":true,"href":"https:\/\/www.europesays.com\/de\/wp-json\/wp\/v2\/categories?post=850972"},{"taxonomy":"post_tag","embeddable":true,"href":"https:\/\/www.europesays.com\/de\/wp-json\/wp\/v2\/tags?post=850972"}],"curies":[{"name":"wp","href":"https:\/\/api.w.org\/{rel}","templated":true}]}}