{"id":850974,"date":"2026-03-07T22:20:17","date_gmt":"2026-03-07T22:20:17","guid":{"rendered":"https:\/\/www.europesays.com\/de\/850974\/"},"modified":"2026-03-07T22:20:17","modified_gmt":"2026-03-07T22:20:17","slug":"barackenbrand-in-dresden-sorgt-fuer-starken-rauch-2","status":"publish","type":"post","link":"https:\/\/www.europesays.com\/de\/850974\/","title":{"rendered":"Barackenbrand in Dresden sorgt f\u00fcr starken Rauch"},"content":{"rendered":"<p class=\"is-first-paragraph\" data-external=\"Article.FirstParagraph\">Der Brand einer leerstehenden Baracke im Dresdner Stadtteil Strehlen hat f\u00fcr erhebliche Rauchschwaden gesorgt, die am Samstagnachmittag in Richtung Innenstadt wehten. Die Feuerwehr bat Anwohner, T\u00fcren und Fenster geschlossen zu halten und auf L\u00fcftungs- und Klimaanlagen zu verzichten.<\/p>\n<p>Die Ursache des Feuers stehe noch nicht fest, sagte Feuerwehrsprecher Michael Klahre. Beim Eintreffen der Einsatzkr\u00e4fte habe das Geb\u00e4ude mit einer Grundfl\u00e4che von etwa acht mal zehn Metern bereits voll in Flammen gestanden.<\/p>\n<p>Diese konnten unterdessen gel\u00f6scht werden, allerdings bleibe die Feuerwehr weiter mit restlichen L\u00f6scharbeiten befasst, betonte Klahre. \u00abHierf\u00fcr muss das Brandgut aufwendig auseinandergezogen und nach verbliebenen Glutnestern abgesucht werden. Die Rauchentwicklung ist weiterhin deutlich wahrnehmbar.\u00bb Sobald keine Beeintr\u00e4chtigung der Bev\u00f6lkerung mehr bestehe, gebe es Entwarnung. Man sei mit etwa 30 Einsatzkr\u00e4ften am Ort des Geschehens.<\/p>\n","protected":false},"excerpt":{"rendered":"Der Brand einer leerstehenden Baracke im Dresdner Stadtteil Strehlen hat f\u00fcr erhebliche Rauchschwaden gesorgt, die am Samstagnachmittag in&hellip;\n","protected":false},"author":2,"featured_media":850975,"comment_status":"","ping_status":"","sticky":false,"template":"","format":"standard","meta":{"footnotes":"","_share_on_mastodon":"0"},"categories":[1835],"tags":[3364,29,2386,30,859],"class_list":["post-850974","post","type-post","status-publish","format-standard","has-post-thumbnail","category-dresden","tag-de","tag-deutschland","tag-dresden","tag-germany","tag-sachsen"],"share_on_mastodon":{"url":"https:\/\/pubeurope.com\/@de\/116190224488966704","error":""},"_links":{"self":[{"href":"https:\/\/www.europesays.com\/de\/wp-json\/wp\/v2\/posts\/850974","targetHints":{"allow":["GET"]}}],"collection":[{"href":"https:\/\/www.europesays.com\/de\/wp-json\/wp\/v2\/posts"}],"about":[{"href":"https:\/\/www.europesays.com\/de\/wp-json\/wp\/v2\/types\/post"}],"author":[{"embeddable":true,"href":"https:\/\/www.europesays.com\/de\/wp-json\/wp\/v2\/users\/2"}],"replies":[{"embeddable":true,"href":"https:\/\/www.europesays.com\/de\/wp-json\/wp\/v2\/comments?post=850974"}],"version-history":[{"count":0,"href":"https:\/\/www.europesays.com\/de\/wp-json\/wp\/v2\/posts\/850974\/revisions"}],"wp:featuredmedia":[{"embeddable":true,"href":"https:\/\/www.europesays.com\/de\/wp-json\/wp\/v2\/media\/850975"}],"wp:attachment":[{"href":"https:\/\/www.europesays.com\/de\/wp-json\/wp\/v2\/media?parent=850974"}],"wp:term":[{"taxonomy":"category","embeddable":true,"href":"https:\/\/www.europesays.com\/de\/wp-json\/wp\/v2\/categories?post=850974"},{"taxonomy":"post_tag","embeddable":true,"href":"https:\/\/www.europesays.com\/de\/wp-json\/wp\/v2\/tags?post=850974"}],"curies":[{"name":"wp","href":"https:\/\/api.w.org\/{rel}","templated":true}]}}