{"id":850976,"date":"2026-03-07T22:21:15","date_gmt":"2026-03-07T22:21:15","guid":{"rendered":"https:\/\/www.europesays.com\/de\/850976\/"},"modified":"2026-03-07T22:21:15","modified_gmt":"2026-03-07T22:21:15","slug":"bremer-staatsrat-affaere-untersuchungsausschuss-in-den-startloechern","status":"publish","type":"post","link":"https:\/\/www.europesays.com\/de\/850976\/","title":{"rendered":"Bremer Staatsrat-Aff\u00e4re: Untersuchungsausschuss in den Startl\u00f6chern"},"content":{"rendered":"<p class=\"article-toplinewrapper\">\n<p>Standdatum: 7. M\u00e4rz 2026.<\/p>\n<p>Autorinnen und Autoren:<br \/>\nPascal Faltermann<\/p>\n<p>Audio<\/p>\n<p><img decoding=\"async\" class=\"image -image-with-fallback -image-rounded  lazyload\" src=\"data:image\/gif;base64,R0lGODlhEAAJAIAAAP\/\/\/\/\/\/\/yH5BAEKAAEALAAAAAAQAAkAAAIKjI+py+0Po5yUFQA7\"   alt=\"Untersuchungsausschuss Sozialbetrug tagt\" data-image-owner=\"Radio Bremen\" data-image-title=\"Untersuchungsausschuss Sozialbetrug tagt\" data-image-src=\"https:\/\/www.butenunbinnen.de\/bilder\/ua-sozialbetrug100~_v-800x450_c-1495712377052.jpg\" data-image-rights-src=\"\/bilder\/ua-sozialbetrug100~_v-640x360_c-1495712377052.jpg\"\/><\/p>\n<p>Bild: Radio Bremen<\/p>\n<p>Audio-Ende<\/p>\n<p class=\"article-intro\">Die Vorbereitungen gehen in die hei\u00dfe Phase. Am kommenden Donnerstagmorgen beginnt die Beweisaufnahme mit \u00f6ffentlichen Befragungen.<\/p>\n<p>Der Parlamentarische Untersuchungsausschuss (PUA) muss kl\u00e4ren, ob es bei der Versetzung von insgesamt sechs Bremer Staatsr\u00e4tinnen und Staatsr\u00e4ten in den Einstweiligen Ruhestand zu Gesetzesverst\u00f6\u00dfen gekommen ist. F\u00fcr die Arbeit des Gremiums in der Bremischen B\u00fcrgerschaft ist einiges passiert. Der gr\u00f6\u00dfte Sitzungssaal wurde extra umgebaut. <\/p>\n<p>Information zum Thema<br \/>\nEinstweiliger Ruhestand<\/p>\n<p>Wenn ein Staatsrat auf eigenen Wunsch die Beh\u00f6rde verl\u00e4sst, bekommt er laut Beamtenrecht keine gro\u00dfz\u00fcgige Altersversorgung. Anders verh\u00e4lt es sich, wenn das Arbeitsverh\u00e4ltnis von Seiten der Beh\u00f6rde beendet wird.<\/p>\n<p>Ende der Information zum Thema<\/p>\n<p>Auftakt mit zwei Sachverst\u00e4ndigen<\/p>\n<p>Die Beweisaufnahme beginnt mit der Befragung eines Spezialisten f\u00fcr Beamten- und Parlamentsrecht; und zwar mit Matthias Friehe. Er lehrt an der privaten Universit\u00e4t f\u00fcr Wirtschaft und Recht in Oestrich-Winkel. <\/p>\n<p>Nach den Osterferien soll dann ein zweiter Sachverst\u00e4ndiger geh\u00f6rt werden, bevor es dann tats\u00e4chlich in die Zeugenbefragung geht. Der genaue Zeitplan daf\u00fcr steht noch nicht fest; au\u00dferdem habe der Senat noch nicht alle Unterlagen bereitgestellt, so der Ausschussvorsitzende von der CDU, Jens Eckhoff. <\/p>\n<p class=\"article-legal-agencies\"><strong>Quelle<\/strong>:<br \/>\nbuten un binnen.\n<\/p>\n<p class=\"article-legal-broadcast-reference\"><strong>Dieses Thema im Programm:<\/strong><br \/>\nBremen Eins, Nachrichten, 7. M\u00e4rz 2026, 14 Uhr<\/p>\n","protected":false},"excerpt":{"rendered":"Standdatum: 7. M\u00e4rz 2026. Autorinnen und Autoren: Pascal Faltermann Audio Bild: Radio Bremen Audio-Ende Die Vorbereitungen gehen in&hellip;\n","protected":false},"author":2,"featured_media":850977,"comment_status":"","ping_status":"","sticky":false,"template":"","format":"standard","meta":{"footnotes":"","_share_on_mastodon":"0"},"categories":[1824],"tags":[2420,3364,29,30],"class_list":["post-850976","post","type-post","status-publish","format-standard","has-post-thumbnail","category-bremen","tag-bremen","tag-de","tag-deutschland","tag-germany"],"share_on_mastodon":{"url":"https:\/\/pubeurope.com\/@de\/116190228487233361","error":""},"_links":{"self":[{"href":"https:\/\/www.europesays.com\/de\/wp-json\/wp\/v2\/posts\/850976","targetHints":{"allow":["GET"]}}],"collection":[{"href":"https:\/\/www.europesays.com\/de\/wp-json\/wp\/v2\/posts"}],"about":[{"href":"https:\/\/www.europesays.com\/de\/wp-json\/wp\/v2\/types\/post"}],"author":[{"embeddable":true,"href":"https:\/\/www.europesays.com\/de\/wp-json\/wp\/v2\/users\/2"}],"replies":[{"embeddable":true,"href":"https:\/\/www.europesays.com\/de\/wp-json\/wp\/v2\/comments?post=850976"}],"version-history":[{"count":0,"href":"https:\/\/www.europesays.com\/de\/wp-json\/wp\/v2\/posts\/850976\/revisions"}],"wp:featuredmedia":[{"embeddable":true,"href":"https:\/\/www.europesays.com\/de\/wp-json\/wp\/v2\/media\/850977"}],"wp:attachment":[{"href":"https:\/\/www.europesays.com\/de\/wp-json\/wp\/v2\/media?parent=850976"}],"wp:term":[{"taxonomy":"category","embeddable":true,"href":"https:\/\/www.europesays.com\/de\/wp-json\/wp\/v2\/categories?post=850976"},{"taxonomy":"post_tag","embeddable":true,"href":"https:\/\/www.europesays.com\/de\/wp-json\/wp\/v2\/tags?post=850976"}],"curies":[{"name":"wp","href":"https:\/\/api.w.org\/{rel}","templated":true}]}}