{"id":850978,"date":"2026-03-07T22:22:14","date_gmt":"2026-03-07T22:22:14","guid":{"rendered":"https:\/\/www.europesays.com\/de\/850978\/"},"modified":"2026-03-07T22:22:14","modified_gmt":"2026-03-07T22:22:14","slug":"sv-werder-bremen-neu-formierte-u23-spielt-00-in-lohne","status":"publish","type":"post","link":"https:\/\/www.europesays.com\/de\/850978\/","title":{"rendered":"SV Werder Bremen: Neu formierte U23 spielt 0:0 in Lohne"},"content":{"rendered":"<ul>\n<li>Die U23 des SV Werder Bremen erzielte beim Ausw\u00e4rtsspiel gegen Blau-Wei\u00df Lohne ein torloses Unentschieden und holte damit im zweiten Spiel des Jahres erneut einen Punkt.<\/li>\n<li>Nach einer Flut an Gegentoren im vergangenen Jahr steht die Defensive der U23 stabiler, offensiv fehlte laut Trainer Thomas Wolter jedoch die Durchschlagskraft.<\/li>\n<li>Mehrere personelle Umstellungen durch R\u00fcckkehrer zum Profikader und Abiturvorbereitung wirkten sich auf die Mannschaft aus; beide Teams hatten einige Chancen, ein Konstruktives Angriffsspiel gelang Werder selten.<\/li>\n<\/ul>\n<p>            Mehr anzeigen<br \/>\n            Weniger anzeigen<\/p>\n<p>Das zweite torlose Unentschieden im zweiten Spiel des Jahres: Auch bei Blau-Wei\u00df Lohne blieben die U23-Fu\u00dfballer des SV Werder ohne eigenen Treffer, kassierten aber eben auch kein Tor. Nach der Flut an Gegentreffern im vergangenen Jahr steht die Defensive nun offenbar besser. An der Offensive m\u00fcssen die Bremer aber noch arbeiten. &#8222;Letztlich fehlte die Durchschlagskraft&#8220;, kommentierte <a href=\"https:\/\/www.weser-kurier.de\/thema\/thomas-wolter-q466943\/\" rel=\"nofollow noopener\" target=\"_blank\">Thomas Wolter<\/a> die Angriffsleistung.<\/p>\n<p>Auf gleich f\u00fcnf Positionen hatte der Trainer umgestellt, und das war keineswegs der Leistung seiner Spieler geschuldet: In Patrice Covic, Mick Schmetgens, Mats Heitmann sowie Salim Musah waren vier Kicker zum Profikader zur\u00fcckbeordert worden, und Torh\u00fcter Stefan Smarkalev baut derzeit in Bulgarien sein Abitur. Die Umstellungen sollten sich gegen die zuletzt viermal sieglosen Gastgeber bemerkbar machen: Blau-Wei\u00df Lohne trat engagiert auf, sichtlich um eine Wende bem\u00fcht, und fand \u00fcber die linke Angriffsseite immer wieder den n\u00f6tigen Raum.<\/p>\n<p>Vor allem die Abstimmungsprobleme vom gerade erst bef\u00f6rderten A-Jugendlichen Luca H\u00f6cker und Ole Schulz gestatteten BWL zu Beginn dieses Duells immer wieder Flanken, die f\u00fcr Torgefahr sorgten. Die Chancen f\u00fcr Pelle Hoppe (6.) und Jannik Zahmel (10.) gaben einen Vorgeschmack, und als der Gastgeber ein drittes Mal \u00fcber die linke Seite durchbrechen konnte, kam Hoppe aus zw\u00f6lf Metern zum Abschluss und zwang Werder-Keeper Jonas Horsch zu einer starken Parade (25.). Eine sch\u00f6ne Kombination, die Kai Westerhoff beinahe aus acht Metern zur F\u00fchrung genutzt h\u00e4tte, bildete den Abschluss der BWL-Chancen (43.).<\/p>\n<p>Am Ende gingen die Teams aber auch mit einem leistungsgerechten 0:0 in die Pause, da die U23 in einem weitgehend ausgeglichenen Spiel ebenfalls gef\u00e4hrlich vor das gegnerische Tor gekommen war: Einmal hatte sich Cimo R\u00f6cker in den Strafraum geschlichen, verpasste aus f\u00fcnf Metern aber knapp (19.), und dann war Princewill Mbock haarscharf an einer Hereingabe von H\u00f6cker vorbeigerutscht (37.). Luft nach oben war allerdings auch bei den Bremern vorhanden. Gegen einen sehr gut organisierten Gastgeber gelang der U23 bis zur Pause viel zu selten ein konstruktives Angriffsspiel.<\/p>\n<p>Im zweiten Spielabschnitt wurde es indes nicht besser. Im Gegenteil. Zwar erspielte sich Werder eine optische \u00dcberlegenheit. Einen ernst zu nehmenden Schuss aufs Tor gelang dem Team von Thomas Wolter aber lange nicht. Weil es immerhin ganz gut stand, war der Gegner ganz \u00fcberwiegend auf Fehler der U23 angewiesen, um selbst einmal einen Hauch von Gefahr zu verbreiten. Etwa, als Jonas Horsch eine Spieler\u00f6ffnung missriet (71.) oder Pelle Hoppe nach einem Missverst\u00e4ndnis das Werder-Tor mit einem Schussversuch aus der eigenen H\u00e4lfte nur knapp verpasste (81.).<\/p>\n<p>Immerhin wurde es in den Schlussminuten noch mal spannend: Johannes Sabeh zwang Horsch nach einer Kopfballverl\u00e4ngerung von Thorsten T\u00f6nnies zu einer weiteren Parade (84.), und auf der anderen Seite wurde R\u00f6cker kurz vorm Tor gerade noch abgeblockt (90.+1). &#8222;Wir m\u00fcssen noch besser Fu\u00dfball spielen, haben in einem sehr kampfbetonten Spiel aber stabil gestanden&#8220;, zeigte sich Thomas Wolter insgesamt zufrieden mit dem Auftritt seines neu formierten Teams.<\/p>\n<p>U23 SV Werder Bremen: Horsch \u2013 H\u00f6cker, Bellmann, Igboanugo, Wagner \u2013 R\u00f6cker, L\u00fctke-Frie \u2013 Schulz (89. G\u00f6tzelmann), Yildirim (79. Manthey), Erevbenagie \u2013 M\u2019Bock (60. Kasper)<\/p>\n<p>                Diese Fragen und Antworten wurden mit KI basierend auf unseren Artikeln erstellt.<br \/>\n                <a class=\"more-btn\" href=\"https:\/\/www.weser-kurier.de\/generative-ki\/\" rel=\"nofollow noopener\" target=\"_blank\"><br \/>\n                    \u2192 Mehr Infos<br \/>\n                <\/a><\/p>\n<p>                        <a href=\"https:\/\/www.weser-kurier.de\/\" id=\"home\" class=\"button primary-primary font-size-15_1 m-0a customEvent\" data-layer-event-name=\"customEvent\" data-layer-trigger=\"click\" data-layer-category=\"artikelscoring\" data-layer-action=\"startseite_button\" data-layer-label=\"doc84vkau3jqowcylem31e\" data-layer-value=\"https:\/\/www.weser-kurier.de\/werder\/u-23\/1\" rel=\"nofollow noopener\" target=\"_blank\">Zur Startseite<\/a><\/p>\n","protected":false},"excerpt":{"rendered":"Die U23 des SV Werder Bremen erzielte beim Ausw\u00e4rtsspiel gegen Blau-Wei\u00df Lohne ein torloses Unentschieden und holte damit&hellip;\n","protected":false},"author":2,"featured_media":850979,"comment_status":"","ping_status":"","sticky":false,"template":"","format":"standard","meta":{"footnotes":"","_share_on_mastodon":"0"},"categories":[1824],"tags":[2420,3364,29,30],"class_list":["post-850978","post","type-post","status-publish","format-standard","has-post-thumbnail","category-bremen","tag-bremen","tag-de","tag-deutschland","tag-germany"],"share_on_mastodon":{"url":"https:\/\/pubeurope.com\/@de\/116190232448607422","error":""},"_links":{"self":[{"href":"https:\/\/www.europesays.com\/de\/wp-json\/wp\/v2\/posts\/850978","targetHints":{"allow":["GET"]}}],"collection":[{"href":"https:\/\/www.europesays.com\/de\/wp-json\/wp\/v2\/posts"}],"about":[{"href":"https:\/\/www.europesays.com\/de\/wp-json\/wp\/v2\/types\/post"}],"author":[{"embeddable":true,"href":"https:\/\/www.europesays.com\/de\/wp-json\/wp\/v2\/users\/2"}],"replies":[{"embeddable":true,"href":"https:\/\/www.europesays.com\/de\/wp-json\/wp\/v2\/comments?post=850978"}],"version-history":[{"count":0,"href":"https:\/\/www.europesays.com\/de\/wp-json\/wp\/v2\/posts\/850978\/revisions"}],"wp:featuredmedia":[{"embeddable":true,"href":"https:\/\/www.europesays.com\/de\/wp-json\/wp\/v2\/media\/850979"}],"wp:attachment":[{"href":"https:\/\/www.europesays.com\/de\/wp-json\/wp\/v2\/media?parent=850978"}],"wp:term":[{"taxonomy":"category","embeddable":true,"href":"https:\/\/www.europesays.com\/de\/wp-json\/wp\/v2\/categories?post=850978"},{"taxonomy":"post_tag","embeddable":true,"href":"https:\/\/www.europesays.com\/de\/wp-json\/wp\/v2\/tags?post=850978"}],"curies":[{"name":"wp","href":"https:\/\/api.w.org\/{rel}","templated":true}]}}