{"id":850996,"date":"2026-03-07T22:32:14","date_gmt":"2026-03-07T22:32:14","guid":{"rendered":"https:\/\/www.europesays.com\/de\/850996\/"},"modified":"2026-03-07T22:32:14","modified_gmt":"2026-03-07T22:32:14","slug":"rechte-demo-in-stuttgart-polizeieinsatz-bei-gegendemonstration-200-menschen-ueber-stunden-eingekesselt","status":"publish","type":"post","link":"https:\/\/www.europesays.com\/de\/850996\/","title":{"rendered":"Rechte Demo in Stuttgart: Polizeieinsatz bei Gegendemonstration \u2013 200 Menschen \u00fcber Stunden eingekesselt"},"content":{"rendered":"<p>Linke Demonstranten geraten am Samstag bei einer Demonstration mit der Polizei aneinander. 200 Menschen werden \u00fcber Stunden eingekesselt. Wie es dazu gekommen ist.<\/p>\n<p>Meistens riecht der <a href=\"https:\/\/www.stuttgarter-nachrichten.de\/thema\/Marienplatz\" target=\"_blank\" rel=\"nofollow noopener\">Marienplatz<\/a> nach einer Mischung aus Bier und Tabak, wenn dort mittwochs Markt ist, manchmal auch nach frischem Essen. Am Samstag lag dagegen auf dem beliebten Platz im Stuttgarter S\u00fcden zeitweise auch Pfefferspray in der Luft.<\/p>\n<p>Linke Demonstranten, die lautstark gegen eine rechte <a href=\"https:\/\/www.stuttgarter-nachrichten.de\/thema\/Demonstration\" title=\"Demonstration\" class=\"art_thema\" rel=\"nofollow noopener\" target=\"_blank\">Demonstration<\/a> auf dem Marienplatz protestieren wollten, gerieten mit der <a href=\"https:\/\/www.stuttgarter-nachrichten.de\/thema\/Polizei\" title=\"Polizei\" class=\"art_thema\" rel=\"nofollow noopener\" target=\"_blank\">Polizei<\/a> in Konflikt. Die Gruppierung \u201e<a href=\"https:\/\/www.stuttgarter-nachrichten.de\/baden-wuerttemberg\" target=\"_blank\" rel=\"nofollow noopener\">Baden-W\u00fcrttemberg<\/a> steht auf\u201c hatte dort zu einer Veranstaltung unter dem Motto f\u00fcr \u201eFrieden, Meinungsfreiheit und Bargelderhalt\u201c aufgerufen. Angek\u00fcndigt waren 500 Menschen, gekommen sind laut Polizei etwa 250.<\/p>\n<p>Querdenker und Rechtsradikale demonstrieren in <a href=\"https:\/\/www.stuttgarter-nachrichten.de\/thema\/Stuttgart\" title=\"Stuttgart\" class=\"art_thema\" rel=\"nofollow noopener\" target=\"_blank\">Stuttgart<\/a> <\/p>\n<p>Eine Rednerin der Demonstration sprach von der \u201eb\u00fcrgerlichen Mitte der Gesellschaft\u201c. Laut Polizei seien viele Teilnehmende jedoch der Querdenker-Szene zuzuordnen gewesen. Neben zahlreichen Deutschlandfahnen und Fahnen mit Friedenstauben waren auch russische Flaggen sowie Reichskriegsflaggen zu sehen. Zudem zeigten Teilnehmer Schilder auf denen \u201eKeine Weltregierung\u201c zu lesen stand \u2013 eine Forderung, wie sie in vielen Verschw\u00f6rungserz\u00e4hlungen geteilt wird.<\/p>\n<p>Gegen die Versammlung hatten zwei Gruppen Protest angemeldet. Auf H\u00f6he eines Fast-Food-Restaurants war die Kundgebung \u201eAnarchismus in die Offensive gegen Faschisten\u201c angek\u00fcndigt, auf H\u00f6he eines Bioladens eine Demonstration des B\u00fcndnisses gegen Rechts.<\/p>\n<p> Polizei kesselt Gegendemonstranten \u00fcber Stunden ein  <\/p>\n<p>Zahlreiche Menschen versammelten sich jedoch direkt auf dem Marienplatz. Die Polizei versuchte, die Gruppen mit einem gr\u00f6\u00dferen Aufgebot voneinander zu trennen. Mehrere hundert Beamte waren laut einem Sprecher im Einsatz.<\/p>\n<p>Auf dem Marienplatz hatte sich eine Polizeikette gebildet. Ein<a href=\"https:\/\/www.stuttgarter-nachrichten.de\/polizeibericht\" target=\"_blank\" rel=\"nofollow noopener\"> Polizei<\/a>sprecher erkl\u00e4rte, die Demonstrierenden seien aufgefordert worden, den Platz zu verlassen. Als sie dieser Aufforderung nicht nachgekommen seien, habe die Polizei die Menge unter anderem mit dem Gebrauch von Pfefferspray zur\u00fcckgedr\u00e4ngt. Dabei soll es auch Angriffe auf Polizeibeamte gegeben haben. Wie ein Sprecher mitteilte, h\u00e4tten teils vermummte Demonstranten Beamte geschlagen und getreten.<\/p>\n<p>Rund 200 Menschen wurden daraufhin eingekesselt. Ihre Personalien sollten festgestellt und \u00fcberpr\u00fcft werden, wer f\u00fcr die Angriffe verantwortlich war. Zudem ermittelt die Polizei wegen des Verdachts des Landfriedensbruchs. \u201eWir mussten konsequent eingreifen\u201c, sagte der Sprecher. Die Aufnahme der Personalien dauerte noch bis zum sp\u00e4ten Abend.<\/p>\n<p>   B\u00fcndnis gegen Rechts wirft der Polizei Polizeigewalt vor  <\/p>\n<p>Ein Teilnehmer des Gegenprotests, der seinen Namen nicht nennen m\u00f6chte, schildert dagegen, eine Aufforderung der Polizei, den Platz zu r\u00e4umen, sei nicht zu h\u00f6ren gewesen. Stattdessen habe die Polizei wahllos Pfefferspray eingesetzt, um die Menge zur\u00fcckzudr\u00e4ngen. Auch Sebastian Henrich vom B\u00fcndnis gegen Rechts wirft der Polizei vor, unverh\u00e4ltnism\u00e4\u00dfig gehandelt zu haben.<\/p>\n<p>\u201eDie Eskalation war vorprogrammiert. Es war vorhersehbar, dass sich Menschen hier auf dem Marienplatz wehren w\u00fcrden\u201c, sagt Heinrich. Einen Platz, der von unterschiedlichen Menschen genutzt werde, wolle man den Rechten nicht \u00fcberlassen. Am Gegenprotest h\u00e4tten sich auch Kinder, Familien und Rentner beteiligt.<\/p>\n<p>   \u201eBaden-W\u00fcrttemberg steht auf\u201c-Demo wird von lautstarkem Gegenprotest begleitet <\/p>\n<p>Gegen 14 Uhr setzte sich der Demonstrationszug vom Marienplatz \u00fcber die Kolbstra\u00dfe und die T\u00fcbinger Stra\u00dfe in Richtung Schlossplatz in Bewegung. Dort hielt \u201eBaden-W\u00fcrttemberg steht auf\u201c eine Abschlusskundgebung ab. Begleitet wurde der Zug von lautstarkem Gegenprotest. <\/p>\n<p>Nur einmal schienen sich die beiden Gruppen in ihren Sprechch\u00f6ren einig. Als die Gegendemonstranten \u201eNazis raus\u201c skandierten, antworteten auch die Demonstranten von \u201eBaden-W\u00fcrttemberg steht auf\u201c mit einem \u201eNazis raus\u201c.<\/p>\n","protected":false},"excerpt":{"rendered":"Linke Demonstranten geraten am Samstag bei einer Demonstration mit der Polizei aneinander. 200 Menschen werden \u00fcber Stunden eingekesselt.&hellip;\n","protected":false},"author":2,"featured_media":850997,"comment_status":"","ping_status":"","sticky":false,"template":"","format":"standard","meta":{"footnotes":"","_share_on_mastodon":"0"},"categories":[1830],"tags":[1634,6547,3364,507,29,30,121,3395,111798,1441,5329],"class_list":["post-850996","post","type-post","status-publish","format-standard","has-post-thumbnail","category-stuttgart","tag-baden-wuerttemberg","tag-bildergalerie","tag-de","tag-demonstration","tag-deutschland","tag-germany","tag-polizei","tag-querdenker","tag-rechtsradikal","tag-stuttgart","tag-video"],"share_on_mastodon":{"url":"https:\/\/pubeurope.com\/@de\/116190271696612379","error":""},"_links":{"self":[{"href":"https:\/\/www.europesays.com\/de\/wp-json\/wp\/v2\/posts\/850996","targetHints":{"allow":["GET"]}}],"collection":[{"href":"https:\/\/www.europesays.com\/de\/wp-json\/wp\/v2\/posts"}],"about":[{"href":"https:\/\/www.europesays.com\/de\/wp-json\/wp\/v2\/types\/post"}],"author":[{"embeddable":true,"href":"https:\/\/www.europesays.com\/de\/wp-json\/wp\/v2\/users\/2"}],"replies":[{"embeddable":true,"href":"https:\/\/www.europesays.com\/de\/wp-json\/wp\/v2\/comments?post=850996"}],"version-history":[{"count":0,"href":"https:\/\/www.europesays.com\/de\/wp-json\/wp\/v2\/posts\/850996\/revisions"}],"wp:featuredmedia":[{"embeddable":true,"href":"https:\/\/www.europesays.com\/de\/wp-json\/wp\/v2\/media\/850997"}],"wp:attachment":[{"href":"https:\/\/www.europesays.com\/de\/wp-json\/wp\/v2\/media?parent=850996"}],"wp:term":[{"taxonomy":"category","embeddable":true,"href":"https:\/\/www.europesays.com\/de\/wp-json\/wp\/v2\/categories?post=850996"},{"taxonomy":"post_tag","embeddable":true,"href":"https:\/\/www.europesays.com\/de\/wp-json\/wp\/v2\/tags?post=850996"}],"curies":[{"name":"wp","href":"https:\/\/api.w.org\/{rel}","templated":true}]}}