{"id":851240,"date":"2026-03-08T00:53:23","date_gmt":"2026-03-08T00:53:23","guid":{"rendered":"https:\/\/www.europesays.com\/de\/851240\/"},"modified":"2026-03-08T00:53:23","modified_gmt":"2026-03-08T00:53:23","slug":"streit-um-millionenfund-in-ungarn-geld-und-gold-beschlagnahmt-news","status":"publish","type":"post","link":"https:\/\/www.europesays.com\/de\/851240\/","title":{"rendered":"Streit um Millionenfund in Ungarn: Geld und Gold beschlagnahmt | News"},"content":{"rendered":"<p><a class=\"skip-content skip-content--link\" href=\"#in-content-skip-link-target-v-0-0\">TTS-Player \u00fcberspringen\u21b5<\/a><a id=\"in-content-skip-link-target-v-0-0\" class=\"skip-content--target-link-hidden skip-content skip-content--target-link\" href=\"#in-content-skip-link-target-v-0-0\">Artikel weiterlesen<\/a><\/p>\n<p>Budapest \u2013 <b>40 Millionen US-Dollar, 35 Millionen Euro und 9 Kilo Gold im Wert von rund 1,3 Millionen Euro. Mit dieser Wahnsinnsladung fuhren sieben Ukrainer in zwei Wagen durch Ungarn. Dort wurde der Konvoi von den Beh\u00f6rden gestoppt, die wertvolle Fracht beschlagnahmt und die M\u00e4nner festgesetzt. Die eine Seite spricht von einem angemeldeten Transport, die andere von Geldw\u00e4sche \u2013 und ein Konflikt spitzt sich weiter zu.<\/b><\/p>\n<p>Die gepanzerten Geldtransporter waren am Donnerstag nach Angaben der ukrainischen Staatsbank Oschadbank auf dem Weg von \u00d6sterreich in die <a href=\"https:\/\/www.bild.de\/news\/ausland\/ukraine\/thema-ukraine-alle-infos-80028690.bild.html\" class=\"text-link\" rel=\"nofollow noopener\" target=\"_blank\">Ukraine<\/a>. Auf einem Autobahnparkplatz griffen Beamte der ungarischen Anti-Terror-Einheit TEK zu, zerrten laut \u201eTelex.hu\u201c schwarz gekleidete M\u00e4nner aus den Wagen und warfen sie zu Boden.<\/p>\n<p><img decoding=\"async\" width=\"992\" height=\"1178\" alt=\"Andrij Sybiha (51) spricht von Geiselnahme und Gelddiebstahl\" src=\"https:\/\/www.europesays.com\/de\/wp-content\/uploads\/2026\/03\/d2c8223885574505a13c1b52bd9efbd1,fcaec295.jpeg\"   class=\"portrait\" loading=\"lazy\"\/><\/p>\n<p class=\"fig__caption__text\">Andrij Sybiha (51) spricht von Geiselnahme und Gelddiebstahl<\/p>\n<p>Foto: Global Images Ukraine via Getty Images<\/p>\n<p>Der ukrainische Au\u00dfenminister Andrij Sybiha (51) schrieb auf X: \u201eTats\u00e4chlich sprechen wir davon, dass Ungarn <a href=\"https:\/\/www.bild.de\/themen\/ereignisse\/geiselnahme\/news-nachrichten-news-fotos-videos-15881316.bild.html\" class=\"text-link\" rel=\"nofollow noopener\" target=\"_blank\">Geiseln<\/a> nimmt und Geld stiehlt &#8230; Das ist Staatsterrorismus und Erpressung.\u201c Kontakt zu den M\u00e4nnern sei zeitweise nicht m\u00f6glich gewesen.<\/p>\n<p>Transport laut ukrainischer Staatsbank angemeldet<\/p>\n<p>Laut Oschadbank handelte es sich um einen ordnungsgem\u00e4\u00df angemeldeten Werttransport. Der Aufsichtsratschef der <a href=\"https:\/\/www.bild.de\/themen\/organisationen\/bank\/news-fotos-videos-17015038.bild.html\" class=\"text-link\" rel=\"nofollow noopener\" target=\"_blank\">Bank<\/a> schrieb auf Facebook, Ungarn stelle die Herkunft der staatlichen Gelder \u201eohne Grundlage\u201c infrage \u2013 der Transport sei \u201enach internationalen Vereinbarungen\u201c und \u201emit allen n\u00f6tigen Dokumenten\u201c erfolgt. Auch die Raiffeisenbank in \u00d6sterreich sei involviert gewesen.<\/p>\n<p><img decoding=\"async\" width=\"992\" height=\"558\" alt=\"Das ungarische Finanzamt NAV ver\u00f6ffentlichte Fotos der beschlagnahmten Gelder\" src=\"https:\/\/www.europesays.com\/de\/wp-content\/uploads\/2026\/03\/f61d5e0377c93b5d7b3dc71273238838,339aa026.jpeg\"   class=\"landscape\" loading=\"lazy\"\/><\/p>\n<p class=\"fig__caption__text\">Das ungarische Finanzamt NAV ver\u00f6ffentlichte Fotos der beschlagnahmten Gelder<\/p>\n<p>Foto: AFP<\/p>\n<p>Budapest h\u00e4lt dagegen: Die Beh\u00f6rden ermitteln wegen Geldw\u00e4scheverdachts. Laut \u201eAP News\u201c wurden die sieben Ukrainer wieder freigelassen \u2013 das <a href=\"https:\/\/www.bild.de\/ratgeber\/geld\/bargeld\/bargeld-alle-infos-76661298.bild.html\" class=\"text-link\" rel=\"nofollow noopener\" target=\"_blank\">Bargeld<\/a> blieb aber zun\u00e4chst beschlagnahmt. Au\u00dfenminister P\u00e9ter Szijj\u00e1rt\u00f3 (47) fordert Aufkl\u00e4rung \u00fcber Bargeldtransfers. Wie der \u201eGuardian\u201c berichtet, seien seit Januar \u2013 so Szijj\u00e1rt\u00f3s Darstellung \u2013 900 Millionen Dollar, 420 Millionen Euro und 146 Kilo Gold durch Ungarn Richtung Ukraine gebracht worden.<\/p>\n<p><img decoding=\"async\" width=\"992\" height=\"1178\" alt=\"P\u00e9ter Szijj\u00e1rt\u00f3 (47) will Licht in die Geldtransporte bringen\" src=\"https:\/\/www.europesays.com\/de\/wp-content\/uploads\/2026\/03\/4d355a42e1e831660ada7e71a1269e1a,1befb715.jpeg\"   class=\"portrait\" loading=\"lazy\"\/><\/p>\n<p class=\"fig__caption__text\">P\u00e9ter Szijj\u00e1rt\u00f3 (47) will Licht in die Geldtransporte bringen<\/p>\n<p>Foto: via REUTERS<\/p>\n<p>Im Hintergrund lodert Streit um Russen-\u00d6l <\/p>\n<p>Ist der <a href=\"https:\/\/www.bild.de\/politik\/ausland-und-internationales\/streit-um-druschba-pipeline-fico-und-orban-wollen-ukraine-strom-abstellen-699ada69c1baa08a7f4f972e\" class=\"text-link\" rel=\"nofollow noopener\" target=\"_blank\">Streit um die \u00d6lpipeline \u201eDruschba\u201c<\/a> eigentlicher Ausl\u00f6ser f\u00fcr die neuerliche Spannung zwischen den L\u00e4ndern? Seitdem Ende Januar der Transit des russischen \u00d6ls nach Ungarn unterbrochen wurde, <a href=\"https:\/\/www.bild.de\/politik\/ausland-und-internationales\/90-milliarden-euro-orban-will-ukraine-hilfe-der-eu-stoppen-6999687142c1e3ae5f4dfc42\" class=\"text-link\" rel=\"nofollow noopener\" target=\"_blank\">blockiert Ungarn ein EU-Darlehen \u00fcber 90 Milliarden Euro<\/a>. Ukraine-Pr\u00e4sident Wolodymyr Selenskyj sagte laut AP: \u201eEhrlich gesagt: Ich w\u00fcrde sie nicht wiederherstellen.\u201c Ungarns Premier Viktor Orb\u00e1n k\u00fcndigte an, Ungarn werde \u201epolitische und finanzielle Mittel\u201c nutzen, um die Wiederaufnahme der <a href=\"https:\/\/www.bild.de\/themen\/specials\/erdoel\/aktuelle-news-und-infos-miftrh9cuRzQcnZ4M7Im\" class=\"text-link\" rel=\"nofollow noopener\" target=\"_blank\">Erd\u00f6l<\/a>-Lieferung zu erzwingen. In seiner Rede bei der MOL-Raffinerie am 5. M\u00e4rz erkl\u00e4rte er sogar: \u201eWir werden den Streit um die Pipeline mit Gewalt gewinnen.\u201c<\/p>\n","protected":false},"excerpt":{"rendered":"TTS-Player \u00fcberspringen\u21b5Artikel weiterlesen Budapest \u2013 40 Millionen US-Dollar, 35 Millionen Euro und 9 Kilo Gold im Wert von&hellip;\n","protected":false},"author":2,"featured_media":851241,"comment_status":"","ping_status":"","sticky":false,"template":"","format":"standard","meta":{"footnotes":"","_share_on_mastodon":"0"},"categories":[5],"tags":[331,332,6258,3364,29,64211,34273,2796,30,668,13,14,15,54512,26734,12,2127,138370,45,2332,317,501],"class_list":["post-851240","post","type-post","status-publish","format-standard","has-post-thumbnail","category-nachrichten","tag-aktuelle-nachrichten","tag-aktuelle-news","tag-bargeld","tag-de","tag-deutschland","tag-erdoel","tag-erpressung","tag-geiselnahme","tag-germany","tag-gold","tag-headlines","tag-nachrichten","tag-news","tag-orban-viktor","tag-pipeline","tag-schlagzeilen","tag-streit","tag-team-first","tag-texttospeech","tag-transport","tag-ukraine","tag-ungarn"],"share_on_mastodon":{"url":"https:\/\/pubeurope.com\/@de\/116190826304905701","error":""},"_links":{"self":[{"href":"https:\/\/www.europesays.com\/de\/wp-json\/wp\/v2\/posts\/851240","targetHints":{"allow":["GET"]}}],"collection":[{"href":"https:\/\/www.europesays.com\/de\/wp-json\/wp\/v2\/posts"}],"about":[{"href":"https:\/\/www.europesays.com\/de\/wp-json\/wp\/v2\/types\/post"}],"author":[{"embeddable":true,"href":"https:\/\/www.europesays.com\/de\/wp-json\/wp\/v2\/users\/2"}],"replies":[{"embeddable":true,"href":"https:\/\/www.europesays.com\/de\/wp-json\/wp\/v2\/comments?post=851240"}],"version-history":[{"count":0,"href":"https:\/\/www.europesays.com\/de\/wp-json\/wp\/v2\/posts\/851240\/revisions"}],"wp:featuredmedia":[{"embeddable":true,"href":"https:\/\/www.europesays.com\/de\/wp-json\/wp\/v2\/media\/851241"}],"wp:attachment":[{"href":"https:\/\/www.europesays.com\/de\/wp-json\/wp\/v2\/media?parent=851240"}],"wp:term":[{"taxonomy":"category","embeddable":true,"href":"https:\/\/www.europesays.com\/de\/wp-json\/wp\/v2\/categories?post=851240"},{"taxonomy":"post_tag","embeddable":true,"href":"https:\/\/www.europesays.com\/de\/wp-json\/wp\/v2\/tags?post=851240"}],"curies":[{"name":"wp","href":"https:\/\/api.w.org\/{rel}","templated":true}]}}