{"id":851279,"date":"2026-03-08T01:15:13","date_gmt":"2026-03-08T01:15:13","guid":{"rendered":"https:\/\/www.europesays.com\/de\/851279\/"},"modified":"2026-03-08T01:15:13","modified_gmt":"2026-03-08T01:15:13","slug":"interimsoper-stuttgart-ob-nopper-verlagerungsplaene-nach-ludwigsburg-bisher-nur-eine-abstrakte-idee","status":"publish","type":"post","link":"https:\/\/www.europesays.com\/de\/851279\/","title":{"rendered":"Interimsoper Stuttgart: OB Nopper: Verlagerungspl\u00e4ne nach Ludwigsburg bisher nur eine \u201eabstrakte Idee\u201c"},"content":{"rendered":"<p>Die Sanierung der Stuttgarter <a href=\"https:\/\/www.stuttgarter-zeitung.de\/thema\/Oper\" title=\"Oper\" class=\"art_thema\" rel=\"nofollow noopener\" target=\"_blank\">Oper<\/a> r\u00fcckt n\u00e4her, und damit auch die Frage nach einer geeigneten Interimsspielst\u00e4tte. W\u00e4hrend die Planungen f\u00fcr einen Neubau nahe der <a href=\"https:\/\/www.stuttgarter-zeitung.de\/thema\/Wagenhallen\" title=\"Wagenhallen\" class=\"art_thema\" rel=\"nofollow noopener\" target=\"_blank\">Wagenhallen<\/a> in <a href=\"https:\/\/www.stuttgarter-zeitung.de\/thema\/Stuttgart\" title=\"Stuttgart\" class=\"art_thema\" rel=\"nofollow noopener\" target=\"_blank\">Stuttgart<\/a> voranschreiten, hat nun die Stadt <a href=\"https:\/\/www.stuttgarter-zeitung.de\/thema\/Ludwigsburg\" title=\"Ludwigsburg\" class=\"art_thema\" rel=\"nofollow noopener\" target=\"_blank\">Ludwigsburg<\/a> einen <a href=\"https:\/\/www.stuttgarter-zeitung.de\/inhalt.forum-am-schlosspark-ludwigsburg-als-ort-fuer-stuttgarter-ersatz-oper-wieder-im-gespraech.2556f23c-d95d-4af7-aa38-282686b5b61d.html\" target=\"_blank\" rel=\"nofollow noopener\">alten Vorschlag wieder eingebracht, wie auch unsere Redaktion berichtete<\/a>: Das Forum am Schlosspark als Ausweichquartier f\u00fcr die Oper w\u00e4hrend der Sanierungsarbeiten. <\/p>\n<p>Der Vorschlag aus Ludwigsburg sei bisher jedoch lediglich eine \u201eabstrakte Idee\u201c, die an die Stadt herangetragen wurde, betonte Stuttgarts Oberb\u00fcrgermeister Frank Nopper am Samstag. \u201eKonkrete Details liegen uns bislang nicht vor, deshalb l\u00e4sst sich die Idee derzeit auch nicht seri\u00f6s bewerten\u201c, sagte der Oberb\u00fcrgermeister. Er machte deutlich, dass unklar sei, ob sich das Forum in Ludwigsburg \u00fcberhaupt f\u00fcr eine \u00dcbergangsl\u00f6sung eigne.<\/p>\n<p>Nopper unterstrich jedoch, dass die Stadt Stuttgart jeden ernsthaften Vorschlag zur Kostenreduzierung und Optimierung des Projekts einer Plausibilit\u00e4tspr\u00fcfung unterziehen wolle.<\/p>\n<p>Planungen f\u00fcr Interimsoper an den Wagenhallen laufen weiter <\/p>\n<p>Trotz der Debatte um Ludwigsburg bekr\u00e4ftigte der Oberb\u00fcrgermeister, dass die Planungen f\u00fcr die Interimsoper auf dem Gel\u00e4nde C1 an den Wagenhallen in Stuttgart ungehindert weiterlaufen. \u201eNach den bisher vorliegenden Informationen ist nicht ohne Weiteres vorstellbar, dass der Vorschlag aus Ludwigsburg eine tragf\u00e4hige Alternative zur bestehenden Planung darstellt\u201c, erkl\u00e4rte Nopper.<\/p>\n<p>Ende M\u00e4rz wird es ein Gespr\u00e4ch zwischen der Landeshauptstadt Stuttgart, dem Land Baden-W\u00fcrttemberg und der Stadt Ludwigsburg geben, um die Thematik zu er\u00f6rtern. Auch Stuttgarts Erster B\u00fcrgermeister und Kulturb\u00fcrgermeister Fabian Mayer wird an diesem Austausch teilnehmen, der die Initiative aus Ludwigsburg genauso bewertet wie Nopper. <\/p>\n","protected":false},"excerpt":{"rendered":"Die Sanierung der Stuttgarter Oper r\u00fcckt n\u00e4her, und damit auch die Frage nach einer geeigneten Interimsspielst\u00e4tte. W\u00e4hrend die&hellip;\n","protected":false},"author":2,"featured_media":851280,"comment_status":"","ping_status":"","sticky":false,"template":"","format":"standard","meta":{"footnotes":"","_share_on_mastodon":"0"},"categories":[1830],"tags":[1634,3364,29,30,188960,16033,89098,97,1441,38606],"class_list":["post-851279","post","type-post","status-publish","format-standard","has-post-thumbnail","category-stuttgart","tag-baden-wuerttemberg","tag-de","tag-deutschland","tag-germany","tag-interimsoper","tag-ludwigsburg","tag-nopper","tag-oper","tag-stuttgart","tag-wagenhallen"],"share_on_mastodon":{"url":"https:\/\/pubeurope.com\/@de\/116190912557958792","error":""},"_links":{"self":[{"href":"https:\/\/www.europesays.com\/de\/wp-json\/wp\/v2\/posts\/851279","targetHints":{"allow":["GET"]}}],"collection":[{"href":"https:\/\/www.europesays.com\/de\/wp-json\/wp\/v2\/posts"}],"about":[{"href":"https:\/\/www.europesays.com\/de\/wp-json\/wp\/v2\/types\/post"}],"author":[{"embeddable":true,"href":"https:\/\/www.europesays.com\/de\/wp-json\/wp\/v2\/users\/2"}],"replies":[{"embeddable":true,"href":"https:\/\/www.europesays.com\/de\/wp-json\/wp\/v2\/comments?post=851279"}],"version-history":[{"count":0,"href":"https:\/\/www.europesays.com\/de\/wp-json\/wp\/v2\/posts\/851279\/revisions"}],"wp:featuredmedia":[{"embeddable":true,"href":"https:\/\/www.europesays.com\/de\/wp-json\/wp\/v2\/media\/851280"}],"wp:attachment":[{"href":"https:\/\/www.europesays.com\/de\/wp-json\/wp\/v2\/media?parent=851279"}],"wp:term":[{"taxonomy":"category","embeddable":true,"href":"https:\/\/www.europesays.com\/de\/wp-json\/wp\/v2\/categories?post=851279"},{"taxonomy":"post_tag","embeddable":true,"href":"https:\/\/www.europesays.com\/de\/wp-json\/wp\/v2\/tags?post=851279"}],"curies":[{"name":"wp","href":"https:\/\/api.w.org\/{rel}","templated":true}]}}