{"id":851401,"date":"2026-03-08T02:24:20","date_gmt":"2026-03-08T02:24:20","guid":{"rendered":"https:\/\/www.europesays.com\/de\/851401\/"},"modified":"2026-03-08T02:24:20","modified_gmt":"2026-03-08T02:24:20","slug":"seelenlieder-zur-laute-in-radebeul","status":"publish","type":"post","link":"https:\/\/www.europesays.com\/de\/851401\/","title":{"rendered":"Seelenlieder zur Laute in Radebeul"},"content":{"rendered":"<p>Steffen Wollmerst\u00e4dt singt sich an den Landesb\u00fchnen Sachsen russische und ukrainische Lieder von der Seele.<\/p>\n<p>Es klingt nach Birkenw\u00e4ldern und Taiga, nach Lagerfeuer und Gitarre: Seelenlieder. Sie haben ihren Ursprung in Klassikern der Liedermacher- und Rockszene der Sowjetunion, der Ukraine und Russlands. Jetzt sind sie in Radebeul zu h\u00f6ren.<\/p>\n<p>Steffen Wollmerst\u00e4dt, im Hauptberuf Marketingchef der Landesb\u00fchnen Sachsen, hat f\u00fcnf Jahre in der Ukraine gelebt, dort in Donezk Geologie studiert. Er verliebte sich in die Sprache, Literatur und Musik. Seit dieser Zeit ist sein Leben bilingual. Seit vielen Jahren besch\u00e4ftigt er sich Musik, textet auch. <a href=\"https:\/\/wollmerstaedt.com\/seelenlieder\/\" target=\"_blank\" rel=\"nofollow noopener\">Die Seelenlieder <\/a>hat er ins Deutsche \u00fcbertragen und interpretiert sie neu mit akustischen Instrumenten und Loop Station.<\/p>\n","protected":false},"excerpt":{"rendered":"Steffen Wollmerst\u00e4dt singt sich an den Landesb\u00fchnen Sachsen russische und ukrainische Lieder von der Seele. Es klingt nach&hellip;\n","protected":false},"author":2,"featured_media":851402,"comment_status":"","ping_status":"","sticky":false,"template":"","format":"standard","meta":{"footnotes":"","_share_on_mastodon":"0"},"categories":[1835],"tags":[189144,3364,29,2386,30,108749,859,189145,189143],"class_list":["post-851401","post","type-post","status-publish","format-standard","has-post-thumbnail","category-dresden","tag-goldene-weintraube","tag-de","tag-deutschland","tag-dresden","tag-germany","tag-landesbhnen-sachsen","tag-sachsen","tag-seelenlieder","tag-steffen-wollmerstdt"],"share_on_mastodon":{"url":"https:\/\/pubeurope.com\/@de\/116191184207613236","error":""},"_links":{"self":[{"href":"https:\/\/www.europesays.com\/de\/wp-json\/wp\/v2\/posts\/851401","targetHints":{"allow":["GET"]}}],"collection":[{"href":"https:\/\/www.europesays.com\/de\/wp-json\/wp\/v2\/posts"}],"about":[{"href":"https:\/\/www.europesays.com\/de\/wp-json\/wp\/v2\/types\/post"}],"author":[{"embeddable":true,"href":"https:\/\/www.europesays.com\/de\/wp-json\/wp\/v2\/users\/2"}],"replies":[{"embeddable":true,"href":"https:\/\/www.europesays.com\/de\/wp-json\/wp\/v2\/comments?post=851401"}],"version-history":[{"count":0,"href":"https:\/\/www.europesays.com\/de\/wp-json\/wp\/v2\/posts\/851401\/revisions"}],"wp:featuredmedia":[{"embeddable":true,"href":"https:\/\/www.europesays.com\/de\/wp-json\/wp\/v2\/media\/851402"}],"wp:attachment":[{"href":"https:\/\/www.europesays.com\/de\/wp-json\/wp\/v2\/media?parent=851401"}],"wp:term":[{"taxonomy":"category","embeddable":true,"href":"https:\/\/www.europesays.com\/de\/wp-json\/wp\/v2\/categories?post=851401"},{"taxonomy":"post_tag","embeddable":true,"href":"https:\/\/www.europesays.com\/de\/wp-json\/wp\/v2\/tags?post=851401"}],"curies":[{"name":"wp","href":"https:\/\/api.w.org\/{rel}","templated":true}]}}