{"id":851489,"date":"2026-03-08T03:14:14","date_gmt":"2026-03-08T03:14:14","guid":{"rendered":"https:\/\/www.europesays.com\/de\/851489\/"},"modified":"2026-03-08T03:14:14","modified_gmt":"2026-03-08T03:14:14","slug":"anschuldigungen-gegen-gruenen-politikern-halten-faktencheck-nicht-stand","status":"publish","type":"post","link":"https:\/\/www.europesays.com\/de\/851489\/","title":{"rendered":"Anschuldigungen gegen Gr\u00fcnen-Politikern halten Faktencheck nicht stand"},"content":{"rendered":"<p class=\"mb-6 text-xs md:text-m lg:text-l font-serif group-[.font-sans]:font-sans \">\n    Im M\u00e4rz finden in <a href=\"https:\/\/augsburger-allgemeine.de\/bayern\/\" target=\"_self\" class=\"underline \" rel=\"nofollow noopener\">Bayern<\/a> Kommunalwahlen statt. Nun macht online ein\u00a0<a href=\"https:\/\/perma.cc\/HEM3-8KKY\" rel=\"nofollow noopener\" target=\"_blank\" class=\"underline \">Video<\/a>\u00a0aus Aschaffenburg die Runde. Es zeigt Sinja Stemmler, Kandidatin der Gr\u00fcnen, die ihr eigenes Wahlplakat mit einem schwarzen Stift beschriftet und dabei in einem kurzen Schwenk in die Kamera l\u00e4chelt. \u201eEine Gr\u00fcne beschmiert ihr eigenes Werbeplakat mit \u201a<a href=\"https:\/\/www.augsburger-allgemeine.de\/organisationen\/aa-afd\" target=\"_self\" class=\"underline \" rel=\"nofollow noopener\">AfD<\/a>\u2018 und einem Hakenkreuz\u201c, wird im Post behauptet. Stimmt das?\n  <\/p>\n<p>            Bewertung<\/p>\n<p class=\"mb-6 text-xs md:text-m lg:text-l font-serif group-[.font-sans]:font-sans \">\n    Stemmler malte kein Hakenkreuz, sondern schrieb: \u201eAFD \u2013 findet sie schei\u00dfe\u201c. Das zeigen verschiedene Aufnahmen.\n  <\/p>\n<p>            Fakten<\/p>\n<p class=\"mb-6 text-xs md:text-m lg:text-l font-serif group-[.font-sans]:font-sans \">\n    Das Video stammt urspr\u00fcnglich von\u00a0<a href=\"https:\/\/www.instagram.com\/sinja.jasmin\/reel\/DUdUhblim2y\/\" rel=\"nofollow noopener\" target=\"_blank\" class=\"underline \">Instagram-Account von Sinja Stemmler<\/a>. Nachdem es auf mehreren Plattformen verbreitet worden war, lud sie ein\u00a0<a href=\"https:\/\/www.instagram.com\/p\/DUoFss3irko\/\" rel=\"nofollow noopener\" target=\"_blank\" class=\"underline \">Statement<\/a>\u00a0dazu hoch.\n  <\/p>\n<p class=\"mb-6 text-xs md:text-m lg:text-l font-serif group-[.font-sans]:font-sans \">\n    Dort blendet sie unter anderem ein Foto ein, dass zeigen soll, wie das Wahlplakat vor der im Video gezeigten Szene aussah: Mit einem d\u00fcnneren, schlecht lesbaren Stift sieht man die Buchstaben \u201eAFD\u201c, dar\u00fcber eine Form, die einer Krone \u00e4hnelt. Das Wort \u201eGR\u00dcN\u201c ist durchgestrichen.\n  <\/p>\n<p class=\"mb-6 text-xs md:text-m lg:text-l font-serif group-[.font-sans]:font-sans \">\n    Stemmler sagt, sie habe die \u201eSchmiererei\u201c nachgezogen und erg\u00e4nzt. \u201eAFD \u2013 findet sie schei\u00dfe\u201c ist auf einem weiteren eingeblendeten Foto des Plakats zu lesen. Daneben ein Pfeil, der auf das Gesicht der Politikerin zeigt. Auch die d\u00fcnnere Schrift sieht man.\n  <\/p>\n<p class=\"mb-6 text-xs md:text-m lg:text-l font-serif group-[.font-sans]:font-sans \">\n    Auch auf\u00a0<a href=\"https:\/\/ghostarchive.org\/archive\/Gvm5Y\" rel=\"nofollow noopener\" target=\"_blank\" class=\"underline \">anderen Fotos<\/a>, die \u00fcber soziale Netzwerke verbreitet wurden, ist dies zu erkennen.\u00a0<a href=\"https:\/\/megalodon.jp\/2026-0224-0201-55\/https:\/www.facebook.com:443\/thilo.g.schneider\/posts\/pfbid0SD4bdhwrSXyho8SLyqjGzifjdd61LXn5qdLLHGrGmBAJiYdTEd1PeSweWiZBBGA6l\" rel=\"nofollow noopener\" target=\"_blank\" class=\"underline \">Ein Hakenkreuz hingegen nicht.<\/a> Die Aufnahmen entstanden im Zentrum Aschaffenburgs in der\u00a0<a href=\"https:\/\/www.google.de\/maps\/place\/49\u00b058&#039;29.9%22N+9\u00b008&#039;48.7%22E\/@49.9749589,9.1462133,244m\/data=!3m2!1e3!4b1!4m12!1m7!3m6!1s0x47bd47dd8cafcf7b:0x605464f2c8c9f9e4!2sSchreib(t)raum+Aschaffenburg!8m2!3d49.97511!4d9.14681!16s\/g\/11t2vdqq0r!3m3!8m2!3d49.974958!4d9.146857?entry=ttu&amp;g_ep=EgoyMDI2MDIyMi4wIKXMDSoASAFQAw==\" rel=\"nofollow noopener\" target=\"_blank\" class=\"underline \">Herstallstra\u00dfe<\/a>.\n  <\/p>\n<p class=\"mb-6 text-xs md:text-m lg:text-l font-serif group-[.font-sans]:font-sans \">\n    (Stand: 22.2.2026)\n  <\/p>\n<p>    Recherche vertiefen? Hier geht\u2018s zu den Links<\/p>\n<p class=\"mb-6 text-xs md:text-m lg:text-l font-serif group-[.font-sans]:font-sans \">\n    Haben auch Sie einen Sachverhalt, den man einmal unter die Lupe nehmen sollte? Ein Foto, Video oder eine Aussage, die gepr\u00fcft werden sollte? Dann freuen wir uns \u00fcber Ihre Nachricht an die dpa-Faktenchecker unter 0160 3476409 via WhatsApp (Keine Gew\u00e4hr f\u00fcr die Bearbeitung).\n  <\/p>\n<p>    Transparenzhinweis<\/p>\n<p class=\"mb-6 text-xs md:text-m lg:text-l font-serif group-[.font-sans]:font-sans \">\n    Das Projekt \u201eAugsburg checkt\u2018s\u201c erfolgte in gemeinsamer Zusammenarbeit der Stadt Augsburg, den Stadtwerken Augsburg, der Augsburger Allgemeinen und der Deutschen Presseagentur. Stadt und Stadtwerke stellten Geb\u00e4ude, Liegenschaften sowie Fahrzeuge f\u00fcr die Initiative zur Verf\u00fcgung. Auf Inhalte haben sie keinen Einfluss. Die Faktenchecks wurden von der Deutschen Presseagentur recherchiert und \u00fcber die Augsburger Allgemeine publiziert.\u00a0Dies ist der vorerst letzte Faktencheck. Das Projekt war bis zur Kommunalwahl angesetzt. Die Faktenchecks bleiben weiterhin digital zu lesen.\n  <\/p>\n<ul data-module-id=\"DragDropModule\" class=\"flex flex-wrap justify-start group-[.no-bookmarks]:hidden\">\n<li class=\"mb-3 mr-3\">\n    Aschaffenburg<\/p>\n<p>      Icon Haken im Kreis gesetzt<\/p>\n<p>      Icon Plus im Kreis<\/p>\n<\/li>\n<li class=\"mb-3 mr-3\">\n    Wahlplakat<\/p>\n<p>      Icon Haken im Kreis gesetzt<\/p>\n<p>      Icon Plus im Kreis<\/p>\n<\/li>\n<li class=\"mb-3 mr-3\">\n    AfD<\/p>\n<p>      Icon Haken im Kreis gesetzt<\/p>\n<p>      Icon Plus im Kreis<\/p>\n<\/li>\n<\/ul>\n<p>  <script async src=\"\/\/www.instagram.com\/embed.js\"><\/script><\/p>\n","protected":false},"excerpt":{"rendered":"Im M\u00e4rz finden in Bayern Kommunalwahlen statt. Nun macht online ein\u00a0Video\u00a0aus Aschaffenburg die Runde. Es zeigt Sinja Stemmler,&hellip;\n","protected":false},"author":2,"featured_media":851490,"comment_status":"","ping_status":"","sticky":false,"template":"","format":"standard","meta":{"footnotes":"","_share_on_mastodon":"0"},"categories":[1846],"tags":[186,988,680,772,22499,3364,29,548,663,3934,30,13,152,3523,32509,14,15,12,189156,6799,7437],"class_list":["post-851489","post","type-post","status-publish","format-standard","has-post-thumbnail","category-augsburg","tag-afd","tag-aschaffenburg","tag-augsburg","tag-bayern","tag-clips","tag-de","tag-deutschland","tag-eu","tag-europa","tag-europe","tag-germany","tag-headlines","tag-instagram","tag-kamera","tag-kommunalwahlen","tag-nachrichten","tag-news","tag-schlagzeilen","tag-sinja-stemmler","tag-wahlkampf","tag-wahlplakat"],"share_on_mastodon":{"url":"https:\/\/pubeurope.com\/@de\/116191380659178107","error":""},"_links":{"self":[{"href":"https:\/\/www.europesays.com\/de\/wp-json\/wp\/v2\/posts\/851489","targetHints":{"allow":["GET"]}}],"collection":[{"href":"https:\/\/www.europesays.com\/de\/wp-json\/wp\/v2\/posts"}],"about":[{"href":"https:\/\/www.europesays.com\/de\/wp-json\/wp\/v2\/types\/post"}],"author":[{"embeddable":true,"href":"https:\/\/www.europesays.com\/de\/wp-json\/wp\/v2\/users\/2"}],"replies":[{"embeddable":true,"href":"https:\/\/www.europesays.com\/de\/wp-json\/wp\/v2\/comments?post=851489"}],"version-history":[{"count":0,"href":"https:\/\/www.europesays.com\/de\/wp-json\/wp\/v2\/posts\/851489\/revisions"}],"wp:featuredmedia":[{"embeddable":true,"href":"https:\/\/www.europesays.com\/de\/wp-json\/wp\/v2\/media\/851490"}],"wp:attachment":[{"href":"https:\/\/www.europesays.com\/de\/wp-json\/wp\/v2\/media?parent=851489"}],"wp:term":[{"taxonomy":"category","embeddable":true,"href":"https:\/\/www.europesays.com\/de\/wp-json\/wp\/v2\/categories?post=851489"},{"taxonomy":"post_tag","embeddable":true,"href":"https:\/\/www.europesays.com\/de\/wp-json\/wp\/v2\/tags?post=851489"}],"curies":[{"name":"wp","href":"https:\/\/api.w.org\/{rel}","templated":true}]}}