{"id":851918,"date":"2026-03-08T07:27:26","date_gmt":"2026-03-08T07:27:26","guid":{"rendered":"https:\/\/www.europesays.com\/de\/851918\/"},"modified":"2026-03-08T07:27:26","modified_gmt":"2026-03-08T07:27:26","slug":"pol-hf-kind-von-pkw-angefahren","status":"publish","type":"post","link":"https:\/\/www.europesays.com\/de\/851918\/","title":{"rendered":"POL-HF: Kind von Pkw angefahren"},"content":{"rendered":"<p>POL-HF: Kind von Pkw angefahren<\/p>\n<p><img width=\"370\" height=\"247\" loading=\"lazy\" decoding=\"async\" class=\"img-fluid article-image\" src=\"https:\/\/www.europesays.com\/de\/wp-content\/uploads\/2026\/03\/1772762537_186_polizeimeldung_universalbild.jpg\" alt=\"\" title=\"\"\/><\/p>\n<p>\n08.03.2026 &#8211; 03:21 Uhr\n<\/p>\n<p><a href=\"https:\/\/www.facebook.com\/sharer\/sharer.php?u=https:\/\/mail.freenet.de\/polizeimeldungen\/nordrhein-westfalen\/pol-hf-kind-von-pkw-angefahren_6230896-40520616.html\" title=\"Artikel auf Facebook teilen\" target=\"_blank\" rel=\"nofollow noopener\"><br \/>\n<img decoding=\"async\" width=\"25px\" height=\"25px\" src=\"https:\/\/mail.freenet.de\/webfiles\/1772712333505\/icons\/social\/facebook.svg\" class=\"\" alt=\"facebook\" title=\"facebook\"\/><br \/>\n<\/a><br \/>\n<a href=\"https:\/\/x.com\/share?url=https:\/\/mail.freenet.de\/polizeimeldungen\/nordrhein-westfalen\/pol-hf-kind-von-pkw-angefahren_6230896-40520616.html&amp;text=Kind%20von%20Pkw%20angefahren\" title=\"Artikel auf X teilen\" target=\"_blank\" rel=\"nofollow\"><br \/>\n<img decoding=\"async\" width=\"22px\" height=\"22px\" src=\"https:\/\/www.europesays.com\/de\/wp-content\/uploads\/2026\/03\/x-black.png\" class=\"\" alt=\"X\" title=\"X\"\/><br \/>\n<\/a><\/p>\n<p>\n(MS)Am Samstagabend (07.03.) kam es zu einem Unfall auf der Bielefelder Stra\u00dfe bei dem ein 7-j\u00e4hriger Junge schwer verletzt wurde. <\/p>\n<p>\nSpenge (ots) &#8211; Der Junge ging in Begleitung eines Erwachsenen gegen 19 Uhr auf dem Gehweg der Bielefelder Stra\u00dfe und lief pl\u00f6tzlich auf die Fahrbahn. Ein 76-j\u00e4hriger Fahrer eines Audis aus Oerlinghausen, der die Bielefelder Stra\u00dfe aus Richtung Bielefeld kommend befuhr, leitete eine Vollbremsung ein, konnte jedoch eine Kollision nicht verhindern.<br \/>Der Junge erlitt bei dem Unfall Verletzungen im Gesicht und musste in ein Krankenhaus verbracht werden. <\/p>\n<p>\n<strong>Quelle:<\/strong> Nordrhein-Westfalen<\/p>\n<p>\nZUR\u00dcCK ZUR STARTSEITE<\/p>\n<p>gekennzeichnet mit<\/p>\n<p> <a href=\"https:\/\/www.jugendschutzprogramm.de\/\" target=\"_blank\" rel=\"noopener nofollow\" title=\"Jugendschutz\"> <img loading=\"lazy\" decoding=\"async\" class=\"lazy\" src=\"https:\/\/www.europesays.com\/de\/wp-content\/uploads\/2026\/03\/age-de-6.png\" width=\"156\" height=\"31\" alt=\"JUSPROG e.V. - Jugendschutz\" title=\"JUSPROG e.V. - Jugendschutz\"\/> <\/a>   <\/p>\n<p>freenet ist Mitglied im JUSPROG e.V.<\/p>\n","protected":false},"excerpt":{"rendered":"POL-HF: Kind von Pkw angefahren 08.03.2026 &#8211; 03:21 Uhr (MS)Am Samstagabend (07.03.) kam es zu einem Unfall auf&hellip;\n","protected":false},"author":2,"featured_media":843820,"comment_status":"","ping_status":"","sticky":false,"template":"","format":"standard","meta":{"footnotes":"","_share_on_mastodon":"0"},"categories":[1841],"tags":[764,83432,1605,3364,29,9920,12959,30,16731,3263,1209,1892,35515],"class_list":["post-851918","post","type-post","status-publish","format-standard","has-post-thumbnail","category-bielefeld","tag-audi","tag-begleitung","tag-bielefeld","tag-de","tag-deutschland","tag-fahrbahn","tag-gehweg","tag-germany","tag-junge","tag-krankenhaus","tag-nordrhein-westfalen","tag-pkw","tag-vollbremsung"],"share_on_mastodon":{"url":"https:\/\/pubeurope.com\/@de\/116192375672035506","error":""},"_links":{"self":[{"href":"https:\/\/www.europesays.com\/de\/wp-json\/wp\/v2\/posts\/851918","targetHints":{"allow":["GET"]}}],"collection":[{"href":"https:\/\/www.europesays.com\/de\/wp-json\/wp\/v2\/posts"}],"about":[{"href":"https:\/\/www.europesays.com\/de\/wp-json\/wp\/v2\/types\/post"}],"author":[{"embeddable":true,"href":"https:\/\/www.europesays.com\/de\/wp-json\/wp\/v2\/users\/2"}],"replies":[{"embeddable":true,"href":"https:\/\/www.europesays.com\/de\/wp-json\/wp\/v2\/comments?post=851918"}],"version-history":[{"count":0,"href":"https:\/\/www.europesays.com\/de\/wp-json\/wp\/v2\/posts\/851918\/revisions"}],"wp:featuredmedia":[{"embeddable":true,"href":"https:\/\/www.europesays.com\/de\/wp-json\/wp\/v2\/media\/843820"}],"wp:attachment":[{"href":"https:\/\/www.europesays.com\/de\/wp-json\/wp\/v2\/media?parent=851918"}],"wp:term":[{"taxonomy":"category","embeddable":true,"href":"https:\/\/www.europesays.com\/de\/wp-json\/wp\/v2\/categories?post=851918"},{"taxonomy":"post_tag","embeddable":true,"href":"https:\/\/www.europesays.com\/de\/wp-json\/wp\/v2\/tags?post=851918"}],"curies":[{"name":"wp","href":"https:\/\/api.w.org\/{rel}","templated":true}]}}