{"id":852121,"date":"2026-03-08T09:25:16","date_gmt":"2026-03-08T09:25:16","guid":{"rendered":"https:\/\/www.europesays.com\/de\/852121\/"},"modified":"2026-03-08T09:25:16","modified_gmt":"2026-03-08T09:25:16","slug":"mann-schweigt-zu-motiv-nach-messerangriff-in-moschee-2","status":"publish","type":"post","link":"https:\/\/www.europesays.com\/de\/852121\/","title":{"rendered":"Mann schweigt zu Motiv nach Messerangriff in Moschee"},"content":{"rendered":"<p>Kriminalit\u00e4t <\/p>\n<p>Mann schweigt zu Motiv nach Messerangriff in Moschee<\/p>\n<p>Aktualisiert am 08.03.2026 &#8211; 10:02 UhrLesedauer: 1 Min.<\/p>\n<p><a href=\"#focus-0\" class=\"transition-colors duration-200 block text-current relative\" data-sctrack=\"FocusGalleryImage.Reference\"><img fetchpriority=\"high\" data-testid=\"Opener.Image\" style=\"--lqipURL:url('https:\/\/images.t-online.de\/2026\/03\/YmbcIjaltQAa\/0x90:2048x1152\/fit-in\/150x0\/filters:blur(25)\/gegen-den-mutmasslichen-taeter-wird-wegen-gefaehrlicher-koerperverletzung-ermittelt.jpg')\"   loading=\"eager\" src=\"https:\/\/www.europesays.com\/de\/wp-content\/uploads\/2026\/03\/gegen-den-mutmasslichen-taeter-wird-wegen-gefaehrlicher-koerperverletzung-ermittelt.jpg\" alt=\"Messerangriff in Moschee\" title=\"Messerangriff in Moschee\" width=\"2048\" height=\"1152\" class=\"bg-[url:var(--lqipURL)] bg-cover bg-center flex h-full w-full max-w-full\" decoding=\"async\"\/><img style=\"--width:32;--height:32\" loading=\"lazy\" src=\"https:\/\/stuttgart.t-online.de\/s\/paper\/_next\/static\/media\/zoom-in.f7dae02f.svg\" alt=\"Vergr\u00f6\u00dfern des Bildes\" title=\"Vergr\u00f6\u00dfern des Bildes\" class=\"block h-[calc(var(--height)_\/_16_*_1rem)] w-[calc(var(--width)_\/_16_*_1rem)] max-w-none absolute bottom-8 right-8 rounded-4 bg-snow p-8\" decoding=\"async\"\/><\/a><\/p>\n<p>Gegen den mutma\u00dflichen T\u00e4ter wird wegen gef\u00e4hrlicher K\u00f6rperverletzung ermittelt. (Quelle: Bernd Wei\u00dfbrod\/dpa\/dpa-bilder)<\/p>\n<p class=\"font-bold text-18 leading-17 user-text-lg:text-22 user-text-xl:text-24\">Ein 25-J\u00e4hriger soll einen Bekannten in einer Moschee bei Stuttgart mit einem Messer verletzt haben. Der mutma\u00dfliche T\u00e4ter wird gefasst und sitzt in Untersuchungshaft. Viele Fragen sind weiter offen.<\/p>\n<p class=\"text-18 leading-17 user-text-lg:text-22 user-text-xl:text-24\">Nach einem Messerangriff auf einen Mann in einer Moschee nord\u00f6stlich von Stuttgart schweigt der mutma\u00dfliche T\u00e4ter zu einem m\u00f6glichen Motiv. Ein Richter erlie\u00df Polizeiangaben zufolge am Samstag Haftbefehl wegen gef\u00e4hrlicher K\u00f6rperverletzung gegen den 25-J\u00e4hrigen. Dieser soll einem 24-J\u00e4hrigen am Freitag in Backnang (Rems-Murr-Kreis) mit einem Messer in den Oberschenkel gestochen haben und dann gefl\u00fcchtet sein. <\/p>\n<p class=\"text-18 leading-17 user-text-lg:text-22 user-text-xl:text-24\">Etwa zwei Stunden nach der Tat nahm die Polizei den Verd\u00e4chtigen in Stuttgart fest. Einem Zeugen war in der S-Bahn von Backnang nach Stuttgart ein Mann aufgefallen, auf den exakt die Personenbeschreibung des Tatverd\u00e4chtigen passte, hie\u00df es. Das Opfer wurde laut Polizei leicht verletzt und wieder aus dem Krankenhaus entlassen.<\/p>\n<p class=\"text-18 leading-17 user-text-lg:text-22 user-text-xl:text-24\">Der Hintergrund der Tat war laut einem Polizeisprecher zun\u00e4chst weiterhin unklar. Der Verd\u00e4chtige habe sich bislang nicht zu einem m\u00f6glichen Motiv ge\u00e4u\u00dfert. Nach aktuellem Ermittlungsstand habe zwischen den beiden M\u00e4nnern zumindest eine fl\u00fcchtige Bekanntschaft bestanden. Der Staatsschutz \u00fcbernahm zun\u00e4chst die Ermittlungen, weil der Tatort eine Moschee war. Dies deute aber nicht automatisch auf einen politischen Hintergrund hin, hie\u00df es.<\/p>\n","protected":false},"excerpt":{"rendered":"Kriminalit\u00e4t Mann schweigt zu Motiv nach Messerangriff in Moschee Aktualisiert am 08.03.2026 &#8211; 10:02 UhrLesedauer: 1 Min. Gegen&hellip;\n","protected":false},"author":2,"featured_media":852122,"comment_status":"","ping_status":"","sticky":false,"template":"","format":"standard","meta":{"footnotes":"","_share_on_mastodon":"0"},"categories":[1830],"tags":[70069,1634,3364,29,30,682,1981,2841,5531,121,1441],"class_list":["post-852121","post","type-post","status-publish","format-standard","has-post-thumbnail","category-stuttgart","tag-backnang","tag-baden-wuerttemberg","tag-de","tag-deutschland","tag-germany","tag-koerperverletzung","tag-messer","tag-messerangriff","tag-moschee","tag-polizei","tag-stuttgart"],"share_on_mastodon":{"url":"https:\/\/pubeurope.com\/@de\/116192839499360740","error":""},"_links":{"self":[{"href":"https:\/\/www.europesays.com\/de\/wp-json\/wp\/v2\/posts\/852121","targetHints":{"allow":["GET"]}}],"collection":[{"href":"https:\/\/www.europesays.com\/de\/wp-json\/wp\/v2\/posts"}],"about":[{"href":"https:\/\/www.europesays.com\/de\/wp-json\/wp\/v2\/types\/post"}],"author":[{"embeddable":true,"href":"https:\/\/www.europesays.com\/de\/wp-json\/wp\/v2\/users\/2"}],"replies":[{"embeddable":true,"href":"https:\/\/www.europesays.com\/de\/wp-json\/wp\/v2\/comments?post=852121"}],"version-history":[{"count":0,"href":"https:\/\/www.europesays.com\/de\/wp-json\/wp\/v2\/posts\/852121\/revisions"}],"wp:featuredmedia":[{"embeddable":true,"href":"https:\/\/www.europesays.com\/de\/wp-json\/wp\/v2\/media\/852122"}],"wp:attachment":[{"href":"https:\/\/www.europesays.com\/de\/wp-json\/wp\/v2\/media?parent=852121"}],"wp:term":[{"taxonomy":"category","embeddable":true,"href":"https:\/\/www.europesays.com\/de\/wp-json\/wp\/v2\/categories?post=852121"},{"taxonomy":"post_tag","embeddable":true,"href":"https:\/\/www.europesays.com\/de\/wp-json\/wp\/v2\/tags?post=852121"}],"curies":[{"name":"wp","href":"https:\/\/api.w.org\/{rel}","templated":true}]}}