{"id":852334,"date":"2026-03-08T11:23:11","date_gmt":"2026-03-08T11:23:11","guid":{"rendered":"https:\/\/www.europesays.com\/de\/852334\/"},"modified":"2026-03-08T11:23:11","modified_gmt":"2026-03-08T11:23:11","slug":"ein-stueck-portugal-mitten-in-augsburg-der-feinkostladen-o-moliceiro","status":"publish","type":"post","link":"https:\/\/www.europesays.com\/de\/852334\/","title":{"rendered":"Ein St\u00fcck Portugal mitten in Augsburg: der Feinkostladen O Moliceiro"},"content":{"rendered":"<p class=\"mb-6 text-xs md:text-m lg:text-l font-serif group-[.font-sans]:font-sans \">\n    Von Fischkonserven und Portwein bis hin zu Geschenkartikeln. Das alles gibt es im O Moliceiro in der <a href=\"https:\/\/www.augsburger-allgemeine.de\/augsburg\/\" target=\"_self\" class=\"underline \" rel=\"nofollow noopener\">Augsburg<\/a>er Innenstadt. Im Rahmen der Serie \u201eAugsburg International\u201c pr\u00e4sentieren wir die verschiedenen Feinkostl\u00e4den aus anderen L\u00e4ndern in Augsburg.\n  <\/p>\n<ul data-module-id=\"DragDropModule\" class=\"flex flex-wrap justify-start group-[.no-bookmarks]:hidden\">\n<li class=\"mb-3 mr-3\">\n    Eugenio Marino<\/p>\n<p>      Icon Haken im Kreis gesetzt<\/p>\n<p>      Icon Plus im Kreis<\/p>\n<\/li>\n<li class=\"mb-3 mr-3\">\n    Augsburg<\/p>\n<p>      Icon Haken im Kreis gesetzt<\/p>\n<p>      Icon Plus im Kreis<\/p>\n<\/li>\n<li class=\"mb-3 mr-3\">\n    Fernweh<\/p>\n<p>      Icon Haken im Kreis gesetzt<\/p>\n<p>      Icon Plus im Kreis<\/p>\n<\/li>\n<\/ul>\n","protected":false},"excerpt":{"rendered":"Von Fischkonserven und Portwein bis hin zu Geschenkartikeln. Das alles gibt es im O Moliceiro in der Augsburger&hellip;\n","protected":false},"author":2,"featured_media":852335,"comment_status":"","ping_status":"","sticky":false,"template":"","format":"standard","meta":{"footnotes":"","_share_on_mastodon":"0"},"categories":[1846],"tags":[680,772,3364,29,548,663,3934,68785,189287,30,13,14,15,12],"class_list":["post-852334","post","type-post","status-publish","format-standard","has-post-thumbnail","category-augsburg","tag-augsburg","tag-bayern","tag-de","tag-deutschland","tag-eu","tag-europa","tag-europe","tag-fernweh","tag-fischkonserve","tag-germany","tag-headlines","tag-nachrichten","tag-news","tag-schlagzeilen"],"share_on_mastodon":{"url":"https:\/\/pubeurope.com\/@de\/116193303169042220","error":""},"_links":{"self":[{"href":"https:\/\/www.europesays.com\/de\/wp-json\/wp\/v2\/posts\/852334","targetHints":{"allow":["GET"]}}],"collection":[{"href":"https:\/\/www.europesays.com\/de\/wp-json\/wp\/v2\/posts"}],"about":[{"href":"https:\/\/www.europesays.com\/de\/wp-json\/wp\/v2\/types\/post"}],"author":[{"embeddable":true,"href":"https:\/\/www.europesays.com\/de\/wp-json\/wp\/v2\/users\/2"}],"replies":[{"embeddable":true,"href":"https:\/\/www.europesays.com\/de\/wp-json\/wp\/v2\/comments?post=852334"}],"version-history":[{"count":0,"href":"https:\/\/www.europesays.com\/de\/wp-json\/wp\/v2\/posts\/852334\/revisions"}],"wp:featuredmedia":[{"embeddable":true,"href":"https:\/\/www.europesays.com\/de\/wp-json\/wp\/v2\/media\/852335"}],"wp:attachment":[{"href":"https:\/\/www.europesays.com\/de\/wp-json\/wp\/v2\/media?parent=852334"}],"wp:term":[{"taxonomy":"category","embeddable":true,"href":"https:\/\/www.europesays.com\/de\/wp-json\/wp\/v2\/categories?post=852334"},{"taxonomy":"post_tag","embeddable":true,"href":"https:\/\/www.europesays.com\/de\/wp-json\/wp\/v2\/tags?post=852334"}],"curies":[{"name":"wp","href":"https:\/\/api.w.org\/{rel}","templated":true}]}}