{"id":852562,"date":"2026-03-08T13:28:16","date_gmt":"2026-03-08T13:28:16","guid":{"rendered":"https:\/\/www.europesays.com\/de\/852562\/"},"modified":"2026-03-08T13:28:16","modified_gmt":"2026-03-08T13:28:16","slug":"der-wahlsonntag-in-stuttgart-in-west-waehlt-man-gruene-und-in-freiberg-die-afd-was-ist-dran-stuttgart","status":"publish","type":"post","link":"https:\/\/www.europesays.com\/de\/852562\/","title":{"rendered":"Der Wahlsonntag in Stuttgart: In West w\u00e4hlt man Gr\u00fcne und in Freiberg die AfD \u2013 was ist dran? &#8211; Stuttgart"},"content":{"rendered":"<p>\t\t\t\t\t\t\t\t\t\t\t\t\t\t\t\t\t\t\t\t\t\t\t\t\t\t\t\t\t\t\t\t\t\t\t\t   \t\t\t\t\t \t\t\t\t   \t      \t\t\t\t   <img decoding=\"async\" id=\"article-image\" fetchpriority=\"high\" alt=\"Der Wahlsonntag in Stuttgart: In West w\u00e4hlt man Gr\u00fcne und in Freiberg die AfD \u2013 was ist dran?\" title=\"Der Wahlsonntag in Stuttgart: In West w\u00e4hlt man Gr\u00fcne und in Freiberg die AfD \u2013 was ist dran?\" src=\"https:\/\/www.europesays.com\/de\/wp-content\/uploads\/2026\/03\/media.media.9e7a14bc-a71f-412a-a858-314c2e301bdf.original700.jpg\" data-linkto=\"https:\/\/www.esslinger-zeitung.de\/javascript:void(0);\"\/>\t\t\t\t\t\t\t\t\t\t\t\t\t\t\t\t\t\t\t\t\t\t\t\tW\u00e4hrend die zwei Freundinnen im Wahllokal in Stuttgart-West die Linke w\u00e4hlen wollen, wird in der Hochhaussiedlung im Stadtteil Freiberg viel Wahlkampf f\u00fcr die AfD gemacht.\u00a0Foto: Erdem G\u00f6kalp\t\t\t<\/p>\n<p>Viele W\u00e4hler sind am Sonntag unentschlossen, wo sie ihr Kreuz hinsetzen wollen. Wir haben mit W\u00e4hlern in West und Freiberg geredet, wo die Gr\u00fcnen oder die AfD besonders stark sind.<\/p>\n<p>Manchen Menschen steht ihr Wahlverhalten an diesem Wahlsonntag regelrecht auf der Stirn geschrieben \u2013 k\u00f6nnte man meinen. Am Wahllokal im Schulzentrum im Stuttgarter Stadtteil Freiberg sieht man zum Beispiel einen Mann mit schulterlangen grauen Haaren und einem Kinnbart aus der Schule laufen. Er ist gut gelaunt und tr\u00e4gt eine knallgr\u00fcne Outdoor-Jacke. <\/p>\n<p>Nicht nur die Farbe l\u00e4sst ihn \u00f6kologisch-bewusst erscheinen. Er redet auch gleich \u00fcber Elektromobilit\u00e4t und die gr\u00fcne Wende in der Wirtschaft. <a href=\"https:\/\/www.stuttgarter-zeitung.de\/inhalt.video-nachrichten-aktuelles-umfrage-zu-landtag-baden-wuerttemberg-cdu-und-gruene-gleichauf.363666ae-b3de-43d5-a3f2-c2150709e7cb.html\" target=\"_blank\" rel=\"nofollow noopener\">Seine Wahlentscheidung sei also ganz klar ausgefallen<\/a>: die CDU. Den Gr\u00fcnen w\u00fcrde es n\u00e4mlich nicht gelingen, die breite Masse mit ihrer Politik anzusprechen. <\/p>\n<p>N\u00e4chster Versuch. Auch eine \u00e4ltere Dame macht sich bereit, in das Wahllokal inmitten der Hochhaussiedlung zu gehen. Sie wirkt besonder modisch gekleidet. Alles an ihrem Outfit ist abgestimmt. Ihr hellblauer Schal hat den selben Farbton wie ihre Jacke. Sie wirkt gebildet und hoch entschlossen, welcher Partei sie ihre Stimme geben will. N\u00e4mlich jener, der sie sie immer gebe: der <a href=\"https:\/\/www.esslinger-zeitung.de\/thema\/Alternative_f%C3%BCr_Deutschland\" title=\"AfD\" class=\"art_thema\" rel=\"nofollow noopener\" target=\"_blank\">AfD<\/a>. \u201eIch lese keine Nachrichten, denn die Medien l\u00fcgen sowieso alle. Die AfD steht wenigstens f\u00fcr Deutschland\u201c, sagt sie. <\/p>\n<p>Wahl in <a href=\"https:\/\/www.esslinger-zeitung.de\/thema\/Stuttgart\" title=\"Stuttgart\" class=\"art_thema\" rel=\"nofollow noopener\" target=\"_blank\">Stuttgart<\/a>: Viele in Freiburg w\u00e4hlen rechtspopulistisch <\/p>\n<p>Der Stuttgarter Stadtbezirk M\u00fchlhausen, in dem auch Freiberg liegt, gilt seit L\u00e4ngerem als eine Hochburg rechtspopulistischer Parteien. <a href=\"https:\/\/www.esslinger-zeitung.de\/inhalt.afd-waehler-in-stuttgart-giebel-hausen-freiberg-einmal-rechts-immer-rechts.7b6b21fd-3526-4513-bb56-bab9602f7df4.html\" target=\"_blank\" rel=\"nofollow noopener\">In Freiberg wurden Anfang der 90er die \u201eRepublikaner\u201c gew\u00e4hlt, bei der Bundestagswahl 2025 kam die AfD auf 27,6 Prozent.<\/a> In M\u00fchlhausen leben 25 675 Einwohner auf einer Fl\u00e4che von 912 Quadratmetern. Im Vergleich zu den anderen Bezirken der Stadt liegt dieser, was die Einwohnerdichte angeht, damit im Mittelma\u00df. Freiberg ist bekannt f\u00fcr die Hochhaussiedlung, sie <a href=\"https:\/\/web.archive.org\/web\/20170109022415\/http:\/\/www.staedtebaufoerderung.info\/StBauF\/DE\/Programm\/SozialeStadt\/Praxis\/BW\/Beispiele\/0293_buergerbeteiligung\/0293_inhalt.html\" target=\"_blank\" rel=\"nofollow noopener\">gilt als sozialer Brennpunkt, <\/a>es gibt einen hohen Anteil von Menschen mit Migrationshintergrund.<\/p>\n<p>  <img decoding=\"async\" loading=\"lazy\" src=\"https:\/\/www.europesays.com\/de\/wp-content\/uploads\/2026\/03\/media.media.99eb655b-144d-4f7f-85e0-3af025d41adc.original1024.media.jpeg\"\/>     Das Wahllokal im Schulzentrum Freiberg wird von vielen Bewohnern der umliegenden Hochh\u00e4user angesteuert.    Foto: Erdem G\u00f6kalp    <\/p>\n<p>Ein \u00e4lterer Herr, der mit seinem Hund in das Wahllokal einer Schule geht, beschreibt das Leben dort als harmonisch. \u201eEs stimmt, dass hier viele Menschen aus verschiedenen L\u00e4ndern zusammenkommen. Doch wir kommen mit allen gut aus\u201c, sagt er. Er w\u00e4hle ebenfalls die CDU. Eine andere Frau sagt wiederum, dass die Politik eine Katastrophe sei. Sie k\u00f6nne daher nur die AfD w\u00e4hlen, ohne konkret sagen zu k\u00f6nnen, was sie eigentlich st\u00f6re. Im Gegensatz zu ihr sind viele andere W\u00e4hler noch g\u00e4nzlich unentschlossen, wen sie w\u00e4hlen sollen. Manche entscheiden sich erst in der Wahlkabine, sagen sie. <\/p>\n<p>Mitglieder einer muslimische Familie, die aus dem Irak und aus Marokko stammen, h\u00f6ren zum ersten Mal davon, dass die Rechten hier so stark sein sollen. Sie wollen kleinere Parteien dabei unterst\u00fctzen, es in den Landtag zu schaffen, sagen sie.<\/p>\n<p>Im Stuttgarter Westen bekommt man wiederum das Kontrastprogramm zu Freiberg. Jedenfalls, wenn man auf das Ergebnis der letzten Bundestagswahl 2025 schaut. <a href=\"https:\/\/www.esslinger-zeitung.de\/thema\/B%C3%BCndnis_90%2FDie_Gr%C3%BCnen\" title=\"Die Gr\u00fcnen\" class=\"art_thema\" rel=\"nofollow noopener\" target=\"_blank\">Die Gr\u00fcnen<\/a> kamen hier stuttgartweit auf den Spitzenwert von 34,60 Prozent der Erststimmen und 30,55 Prozent der Zweitstimmen. \u201eDie Gr\u00fcnen haben in den letzten Tagen schon ordentlich Wahlkampf auf der Stra\u00dfe gemacht\u201c, sagt etwa eine junge Frau, die gerade auf dem Weg in das Wahllokal in der Gewerblichen Schule Hoppelauf ist. <\/p>\n<p>Um kurz nach 11 Uhr gibt es einen regelrechten Ansturm auf das Wahllokal. Hier k\u00f6nnte man im Gegensatz zum Beispiel Freiberg meinen, mehr vom Aussehen auf das Wahlverhalten der Menschen schlie\u00dfen zu k\u00f6nnen. Es sind an dem Tag viele junge, urbane Menschen unterwegs. Redet man mit ihnen, k\u00f6nnte man fast denken, dass es gar keinen Wahlkampf gegeben habe. Eine Frau sagt etwa: \u201eBei mir ist nichts h\u00e4ngen geblieben. <a href=\"https:\/\/www.stuttgarter-zeitung.de\/inhalt.aerger-fuer-afd-spitzenmann-jetzt-auch-vorwuerfe-wegen-frohnmaiers-bueroleiter.7d8c8a81-b942-4b03-90da-f49eb2b2048b.html\" target=\"_blank\" rel=\"nofollow noopener\">Ich gehe nur w\u00e4hlen, um die AfD zu verhindern.<\/a>\u201c Zwei Freundinnen, 26 und 30 Jahre alt, wollen die Linke w\u00e4hlen. \u201eEs ist die einzige Partei, die soziale Gleichstellung auf dem Schirm hat\u201c, sagt die 30 Jahre alte Innenarchitektin. <\/p>\n<p> Wahlgeheimnis ist vielen heilig <\/p>\n<p>Ein Freundeskreis junger Menschen kann auch wenig \u00fcber den Wahlkampf sagen. \u201eDiese Debatte mit den drei Spitzenkandidaten war ja denkbar ereignislos\u201c, sagt einer von ihnen. Eine \u00e4ltere Dame gibt an, dass sie das w\u00e4hle, was sie schon seit Jahrzehnten w\u00e4hle. Es gebe nichts, was ihr Wahlverhalten ver\u00e4ndern w\u00fcrde. <\/p>\n<p>F\u00fcr eine weitere \u00e4ltere Dame bleibt ihre Wahlentscheidung jedoch ein Geheimnis. \u201eIch kenne Eheleute, die nicht mal voneinander wissen, was sie gew\u00e4hlt haben\u201c, sagt sie. Daher bleiben auch ihre Lippen an diesem Wahlsonntag fest verschlossen, wenn sie jemand nach ihrer Partei ausfragt. Wichtig sei, so sagt sie, dass man \u00fcberhaupt w\u00e4hlen gehe.<\/p>\n","protected":false},"excerpt":{"rendered":"W\u00e4hrend die zwei Freundinnen im Wahllokal in Stuttgart-West die Linke w\u00e4hlen wollen, wird in der Hochhaussiedlung im Stadtteil&hellip;\n","protected":false},"author":2,"featured_media":852563,"comment_status":"","ping_status":"","sticky":false,"template":"","format":"standard","meta":{"footnotes":"","_share_on_mastodon":"0"},"categories":[1830],"tags":[150,1634,21,3364,29,30,19399,1441,93582,3654,68439],"class_list":["post-852562","post","type-post","status-publish","format-standard","has-post-thumbnail","category-stuttgart","tag-alternative-fuer-deutschland","tag-baden-wuerttemberg","tag-buendnis-90-die-gruenen","tag-de","tag-deutschland","tag-germany","tag-landtagswahl","tag-stuttgart","tag-stuttgart-freiberg","tag-stuttgart-west","tag-wahllokal"],"share_on_mastodon":{"url":"https:\/\/pubeurope.com\/@de\/116193794989414833","error":""},"_links":{"self":[{"href":"https:\/\/www.europesays.com\/de\/wp-json\/wp\/v2\/posts\/852562","targetHints":{"allow":["GET"]}}],"collection":[{"href":"https:\/\/www.europesays.com\/de\/wp-json\/wp\/v2\/posts"}],"about":[{"href":"https:\/\/www.europesays.com\/de\/wp-json\/wp\/v2\/types\/post"}],"author":[{"embeddable":true,"href":"https:\/\/www.europesays.com\/de\/wp-json\/wp\/v2\/users\/2"}],"replies":[{"embeddable":true,"href":"https:\/\/www.europesays.com\/de\/wp-json\/wp\/v2\/comments?post=852562"}],"version-history":[{"count":0,"href":"https:\/\/www.europesays.com\/de\/wp-json\/wp\/v2\/posts\/852562\/revisions"}],"wp:featuredmedia":[{"embeddable":true,"href":"https:\/\/www.europesays.com\/de\/wp-json\/wp\/v2\/media\/852563"}],"wp:attachment":[{"href":"https:\/\/www.europesays.com\/de\/wp-json\/wp\/v2\/media?parent=852562"}],"wp:term":[{"taxonomy":"category","embeddable":true,"href":"https:\/\/www.europesays.com\/de\/wp-json\/wp\/v2\/categories?post=852562"},{"taxonomy":"post_tag","embeddable":true,"href":"https:\/\/www.europesays.com\/de\/wp-json\/wp\/v2\/tags?post=852562"}],"curies":[{"name":"wp","href":"https:\/\/api.w.org\/{rel}","templated":true}]}}