{"id":852763,"date":"2026-03-08T15:23:18","date_gmt":"2026-03-08T15:23:18","guid":{"rendered":"https:\/\/www.europesays.com\/de\/852763\/"},"modified":"2026-03-08T15:23:18","modified_gmt":"2026-03-08T15:23:18","slug":"oeffentlicher-nahverkehr-zwei-bahnmitarbeiter-in-frankfurt-am-main-angegriffen-und-verletzt","status":"publish","type":"post","link":"https:\/\/www.europesays.com\/de\/852763\/","title":{"rendered":"\u00d6ffentlicher Nahverkehr: Zwei Bahnmitarbeiter in Frankfurt am Main angegriffen und verletzt"},"content":{"rendered":"<p class=\"paragraph article__item\">Zwei Kontrolleure der <a href=\"https:\/\/www.zeit.de\/thema\/deutsche-bahn\" target=\"_blank\" rel=\"nofollow noopener\">Deutschen Bahn<\/a> sind in einer S-Bahn in <a class=\"rtr-entity\" href=\"https:\/\/www.zeit.de\/thema\/frankfurt-am-main\" rel=\"nofollow noopener\" target=\"_blank\">Frankfurt am Main<\/a> von einem Fahrgast angegriffen und verletzt worden. Der Mann habe keinen g\u00fcltigen Fahrschein f\u00fcr die erste Klasse der S-Bahn in Fahrtrichtung Wiesbaden vorweisen k\u00f6nnen, teilte die Polizei mit.\n<\/p>\n<p class=\"paragraph article__item\">Bei der Kontrolle habe der Mann den Bahnangestellten mit Gewalt bedroht. Ein 55-j\u00e4hriger Kontrolleur habe daraufhin die Polizei rufen wollen, als der Verd\u00e4chtige nach ihm geschlagen und versucht habe, aus den ge\u00f6ffneten T\u00fcren zu fliehen. Sein 61-j\u00e4hriger Kollege habe versucht, den Mann an der Flucht zu hindern.\n<\/p>\n<p class=\"paragraph article__item\">&#8222;Es entwickelte sich ein Gerangel, in dessen Folge alle Beteiligten zu Boden st\u00fcrzten&#8220;, teilte die Polizei mit. Anschlie\u00dfend sei dem Mann die Flucht aus der S-Bahn gelungen. Beide Kontrolleure seien bei dem Angriff verletzt worden, der 61-J\u00e4hrige sei in ein Krankenhaus gebracht worden.\n<\/p>\n<p class=\"paragraph article__item\">Die Sicherheit von Zugbegleitern steht <a href=\"https:\/\/www.zeit.de\/arbeit\/2026-02\/deutsche-bahn-zugbegleiter-angriff-rheinland-pfalz\/\" target=\"_blank\" rel=\"nofollow noopener\">nach einem t\u00f6dlichen Angriff  in einem Regionalzug im Februar 2026<\/a>\u00a0verst\u00e4rkt im Fokus. In Rheinland-Pfalz war ein 36-j\u00e4hriger Zugbegleiter von einem Fahrgast bei der Ticketkontrolle mit Faustschl\u00e4gen gegen den Kopf so schwer verletzt worden, dass er sp\u00e4ter starb. Eine Umfrage im Auftrag der Eisenbahn- und Verkehrsgewerkschaft (EVG) unter ihren Mitgliedern ergab k\u00fcrzlich:\u00a0<a href=\"https:\/\/www.zeit.de\/arbeit\/2026-03\/bahngewerkschaft-gewalt-zugbegleiter-kuendigung-umfrage-gxe\" target=\"_blank\" rel=\"nofollow noopener\">Jeder dritte Besch\u00e4ftigte der Deutschen Bahn \u00fcberlegt, wegen der zunehmenden Gewalt im Arbeitsalltag zu k\u00fcndigen<\/a>.\u00a0\n<\/p>\n<p>Mehr zum Thema<\/p>\n<p>            Angriffe auf Bahnpersonal        <\/p>\n<p>                <a href=\"https:\/\/www.zeit.de\/arbeit\/2026-02\/angriffe-bahnpersonal-zugbegleiter-lokfuehrer-bahn-gewalt\" data-ct-label=\"Angriffe auf Bahnpersonal: &quot;Vor lauter Wut spuckte der Mann mir ins Gesicht&quot;\" data-uuid=\"5e02a9dd-92e1-4eda-9aee-986d786b34ad\" rel=\"nofollow noopener\" target=\"_blank\"><\/p>\n<p>        Z+ (abopflichtiger Inhalt);<\/p>\n<p>    Angriffe auf Bahnpersonal:<br \/>\n                        &#8222;Vor lauter Wut spuckte der Mann mir ins Gesicht&#8220;<\/p>\n<p>                <\/a><\/p>\n<p>                <a href=\"https:\/\/www.zeit.de\/arbeit\/2026-02\/deutsche-bahn-zugbegleiter-angriff-rheinland-pfalz\" data-ct-label=\"Deutsche Bahn: T\u00f6dliche Faustschl\u00e4ge im RE4131\" data-uuid=\"5fd0c6cc-234d-46e8-9318-b567657df2d5\" rel=\"nofollow noopener\" target=\"_blank\"><\/p>\n<p>                        Deutsche Bahn:<br \/>\n                        T\u00f6dliche Faustschl\u00e4ge im RE4131<\/p>\n<p>                <\/a><\/p>\n","protected":false},"excerpt":{"rendered":"Zwei Kontrolleure der Deutschen Bahn sind in einer S-Bahn in Frankfurt am Main von einem Fahrgast angegriffen und&hellip;\n","protected":false},"author":2,"featured_media":852764,"comment_status":"","ping_status":"","sticky":false,"template":"","format":"standard","meta":{"footnotes":"","_share_on_mastodon":"0"},"categories":[2],"tags":[59716,2030,29,2051,30,1724,13,682,14,4186,15,27633,12,14453,10,8,9,11],"class_list":["post-852763","post","type-post","status-publish","format-standard","has-post-thumbnail","category-deutschland","tag-arbeitsbedingung","tag-deutsche-bahn","tag-deutschland","tag-frankfurt-am-main","tag-germany","tag-gesellschaft","tag-headlines","tag-koerperverletzung","tag-nachrichten","tag-nahverkehr","tag-news","tag-oeffentlicher-nahverkehr","tag-schlagzeilen","tag-straftat","tag-top-news","tag-top-meldungen","tag-topmeldungen","tag-topnews"],"share_on_mastodon":{"url":"https:\/\/pubeurope.com\/@de\/116194247281042669","error":""},"_links":{"self":[{"href":"https:\/\/www.europesays.com\/de\/wp-json\/wp\/v2\/posts\/852763","targetHints":{"allow":["GET"]}}],"collection":[{"href":"https:\/\/www.europesays.com\/de\/wp-json\/wp\/v2\/posts"}],"about":[{"href":"https:\/\/www.europesays.com\/de\/wp-json\/wp\/v2\/types\/post"}],"author":[{"embeddable":true,"href":"https:\/\/www.europesays.com\/de\/wp-json\/wp\/v2\/users\/2"}],"replies":[{"embeddable":true,"href":"https:\/\/www.europesays.com\/de\/wp-json\/wp\/v2\/comments?post=852763"}],"version-history":[{"count":0,"href":"https:\/\/www.europesays.com\/de\/wp-json\/wp\/v2\/posts\/852763\/revisions"}],"wp:featuredmedia":[{"embeddable":true,"href":"https:\/\/www.europesays.com\/de\/wp-json\/wp\/v2\/media\/852764"}],"wp:attachment":[{"href":"https:\/\/www.europesays.com\/de\/wp-json\/wp\/v2\/media?parent=852763"}],"wp:term":[{"taxonomy":"category","embeddable":true,"href":"https:\/\/www.europesays.com\/de\/wp-json\/wp\/v2\/categories?post=852763"},{"taxonomy":"post_tag","embeddable":true,"href":"https:\/\/www.europesays.com\/de\/wp-json\/wp\/v2\/tags?post=852763"}],"curies":[{"name":"wp","href":"https:\/\/api.w.org\/{rel}","templated":true}]}}