{"id":852767,"date":"2026-03-08T15:25:19","date_gmt":"2026-03-08T15:25:19","guid":{"rendered":"https:\/\/www.europesays.com\/de\/852767\/"},"modified":"2026-03-08T15:25:19","modified_gmt":"2026-03-08T15:25:19","slug":"soziale-einrichtungen-koennen-durchatmen-stadt-halle-darf-mittel-freigeben-2","status":"publish","type":"post","link":"https:\/\/www.europesays.com\/de\/852767\/","title":{"rendered":"Soziale Einrichtungen k\u00f6nnen durchatmen: Stadt Halle darf Mittel freigeben"},"content":{"rendered":"<p>OB-Aussage ver\u00e4rgert Beh\u00f6rde<\/p>\n<p class=\"text\">\nEine Darstellung, die nicht nur von einigen Stadtr\u00e4ten im Anschluss zur\u00fcckgewiesen wurde, sondern auch im Landesverwaltungsamt die Emotionen hochkochen lie\u00df. Am sp\u00e4ten Nachmittag stellte dessen Sprecherin Denise Vopel klar, dass die Darstellung einer &#8222;Ausnahmeregelung&#8220; durch das Landesverwaltungsamt falsch sei.\n<\/p>\n<blockquote>\n<p class=\"text\">Es handelt sich daher weder um eine neue Information noch um eine Ausnahme- oder Sondergenehmigung des Landesverwaltungsamtes. Vielmehr haben wir die Stadt Halle nochmals \u00fcber die bekannten rechtlichen Rahmenbedingungen informiert.<\/p>\n<p>Denise Vopel<br \/>\nSprecherin Landesverwaltungsamt<\/p>\n<\/blockquote>\n<p class=\"text\">\nMit anderen Worten: H\u00e4tte die Stadt entlang dieser Regelung gehandelt, w\u00e4ren die sozialen Tr\u00e4ger \u00fcberhaupt nicht in die prek\u00e4re Lage der vergangenen Tage und Wochen geraten. Vopel stellte klar: &#8222;Es handelt sich daher weder um eine neue Information noch um eine Ausnahme- oder Sondergenehmigung des Landesverwaltungsamtes. Vielmehr haben wir die Stadt Halle nochmals \u00fcber die bekannten rechtlichen Rahmenbedingungen informiert.&#8220;\n<\/p>\n<p>Stadtsprecher um Schadensbegrenzung bem\u00fcht \u2013 OB rudert sp\u00e4t zur\u00fcck<\/p>\n<p class=\"text\">\nStadtsprecher Drago Bock war am Mittwochabend um Schadensbegrenzung bem\u00fcht. Die Ausf\u00fchrungen des Landesverwaltungsamtes seien nicht falsch. Der OB habe im Rat seine Aussagen pr\u00e4zisiert. Und Finanzbeigeordneter Egbert Geier (SPD) habe erg\u00e4nzt, dass die nunmehr pauschale Zwischenl\u00f6sung Ergebnis der Gespr\u00e4che zwischen Landesverwaltung und Stadt gewesen sei. Dennoch warfen auch hier einige Mandatstr\u00e4ger Vogt vor, in seinen Darstellungen \u00fcbertrieben zu haben.<br \/>Zwei Tage sp\u00e4ter, am Freitag, lie\u00df Oberb\u00fcrgermeister Alexander Vogt (parteilos) \u00fcber seinen Sprecher klarstellen: Seine Aussage sei aus &#8222;Erleichterung&#8220; erfolgt. Ein &#8222;politisches Theater&#8220;, wie ihm im Stadtrat vorgeworfen wurde, w\u00e4re v\u00f6llig unangemessen und liege ihm fern.<\/p>\n","protected":false},"excerpt":{"rendered":"OB-Aussage ver\u00e4rgert Beh\u00f6rde Eine Darstellung, die nicht nur von einigen Stadtr\u00e4ten im Anschluss zur\u00fcckgewiesen wurde, sondern auch im&hellip;\n","protected":false},"author":2,"featured_media":852768,"comment_status":"","ping_status":"","sticky":false,"template":"","format":"standard","meta":{"footnotes":"","_share_on_mastodon":"0"},"categories":[1860],"tags":[184632,3364,16150,29,548,663,3934,30,4062,17332,151222,50648,28101,13,83178,137746,60404,81,14,15,4330,6211,17331,860,12,184633,65636,1108,28129],"class_list":["post-852767","post","type-post","status-publish","format-standard","has-post-thumbnail","category-halle-saale","tag-blauer-elefant","tag-de","tag-defizit","tag-deutschland","tag-eu","tag-europa","tag-europe","tag-germany","tag-halle","tag-halle-saale","tag-haushaltskonsolidierung","tag-haushaltskrise","tag-haushaltsloch","tag-headlines","tag-kinderschutzbund","tag-landesverwaltungsamt","tag-leistungen","tag-mdr","tag-nachrichten","tag-news","tag-protest","tag-regionalportal","tag-saale","tag-sachsen-anhalt","tag-schlagzeilen","tag-schoepf-kelle","tag-silberhoehe","tag-stadtrat","tag-vogt"],"share_on_mastodon":{"url":"https:\/\/pubeurope.com\/@de\/116194254779966951","error":""},"_links":{"self":[{"href":"https:\/\/www.europesays.com\/de\/wp-json\/wp\/v2\/posts\/852767","targetHints":{"allow":["GET"]}}],"collection":[{"href":"https:\/\/www.europesays.com\/de\/wp-json\/wp\/v2\/posts"}],"about":[{"href":"https:\/\/www.europesays.com\/de\/wp-json\/wp\/v2\/types\/post"}],"author":[{"embeddable":true,"href":"https:\/\/www.europesays.com\/de\/wp-json\/wp\/v2\/users\/2"}],"replies":[{"embeddable":true,"href":"https:\/\/www.europesays.com\/de\/wp-json\/wp\/v2\/comments?post=852767"}],"version-history":[{"count":0,"href":"https:\/\/www.europesays.com\/de\/wp-json\/wp\/v2\/posts\/852767\/revisions"}],"wp:featuredmedia":[{"embeddable":true,"href":"https:\/\/www.europesays.com\/de\/wp-json\/wp\/v2\/media\/852768"}],"wp:attachment":[{"href":"https:\/\/www.europesays.com\/de\/wp-json\/wp\/v2\/media?parent=852767"}],"wp:term":[{"taxonomy":"category","embeddable":true,"href":"https:\/\/www.europesays.com\/de\/wp-json\/wp\/v2\/categories?post=852767"},{"taxonomy":"post_tag","embeddable":true,"href":"https:\/\/www.europesays.com\/de\/wp-json\/wp\/v2\/tags?post=852767"}],"curies":[{"name":"wp","href":"https:\/\/api.w.org\/{rel}","templated":true}]}}