{"id":852796,"date":"2026-03-08T15:40:17","date_gmt":"2026-03-08T15:40:17","guid":{"rendered":"https:\/\/www.europesays.com\/de\/852796\/"},"modified":"2026-03-08T15:40:17","modified_gmt":"2026-03-08T15:40:17","slug":"bielefelderin-78-vom-ehemann-erwuergt-holzkreuze-erinnern-an-99-femizide","status":"publish","type":"post","link":"https:\/\/www.europesays.com\/de\/852796\/","title":{"rendered":"Bielefelderin (78) vom Ehemann erw\u00fcrgt \u2013 Holzkreuze erinnern an 99 Femizide"},"content":{"rendered":"<p id=\"absatz1\" class=\"em_text\">Bielefeld. 99 Holzkreuze f\u00fcr \u202899 ermordete Frauen in ganz Deutschland, darunter auch eine 78-J\u00e4hrige aus Bielefeld. Die T\u00e4ter sind Ehem\u00e4nner, S\u00f6hne, Partner oder Ex-Partner, Sexpartner oder solche, die es gern gewesen w\u00e4ren. Mit einer eindr\u00fccklichen Aktion am Niederwall hat die Gruppe \u201eFemizide stoppen \u2013 Bielefeld\u201c am Samstag, 7. M\u00e4rz, auf die hohe Zahl an T\u00f6tungsdelikten aufmerksam gemacht, bei denen Frauen aufgrund ihrer sozialen Rolle oder ihres blo\u00dfen Frauseins zum Opfer m\u00e4nnlicher T\u00e4ter wurden.<\/p>\n<p id=\"absatz2\"><b class=\"bold\">Hintergrund: <\/b><a href=\"https:\/\/www.nw.de\/lokal\/bielefeld\/mitte\/24154905_Bielefelder-Rentner-gesteht-Toetung-der-Ehefrau-Ich-vermisse-sie-jeden-Tag-v2.html\" rel=\"nofollow noopener\" target=\"_blank\">Bielefelder Rentner gesteht T\u00f6tung seiner Ehefrau<\/a><\/p>\n<p id=\"absatz3\" class=\"em_text\">Plakate an den Kreuzen schilderten die F\u00e4lle knapp, alle Morde beziehungsweise die zugeh\u00f6rigen Urteile stammen aus dem Jahr 2025. Die Bielefelder Aktivistinnen wollen damit den Opfern sogenannter \u201eFemizide\u201c mehr Sichtbarkeit verschaffen. Um 21 Uhr endete die Aktion am Samstag.<\/p>\n<p id=\"absatz4\" class=\"em_text\">\u00d6ffentliche Wahrnehmung und mediale Berichterstattung seien noch immer zu stark t\u00e4terfixiert, kritisieren die Studentinnen Justine (21) und Amelie (23). Sie geh\u00f6ren zu den Gr\u00fcnderinnen der Gruppe, die es seit einem Jahr gibt und die derzeit etwa 100 Mitglieder hat.<\/p>\n<p id=\"absatz5\" class=\"em_text\">Zusammengefunden hat sich die Gruppe <a href=\"https:\/\/www.instagram.com\/femizide_stoppen_bielefeld\/\" rel=\"noopener nofollow\" target=\"_blank\">via Instagram<\/a>, wo sie auch \u00fcber Treffen und Aktionen informiert. Das n\u00e4chste Treffen findet am 7. April statt. Die Gruppe ist per Mail erreichbar unter <a href=\"https:\/\/www.nw.de\/lokal\/bielefeld\/mitte\/mailto:femizidestoppenbielefeld@web.de\" rel=\"nofollow noopener\" target=\"_blank\">femizidestoppenbielefeld@web.de<\/a>.<\/p>\n<p id=\"absatz6\"><b class=\"bold\">Protest gegen Mordtaten in Bielefeld: <\/b><a href=\"https:\/\/www.nw.de\/lokal\/bielefeld\/mitte\/24285548_Protest-gegen-Mordtaten-in-Bielefeld-Femizide-nicht-als-Einzelfaelle-abtun.html\" rel=\"nofollow noopener\" target=\"_blank\">\u201eFemizide nicht als Einzelf\u00e4lle abtun\u201c<\/a> <\/p>\n<p>                                                    <script async src=\"\/\/www.instagram.com\/embed.js\"><\/script><\/p>\n","protected":false},"excerpt":{"rendered":"Bielefeld. 99 Holzkreuze f\u00fcr \u202899 ermordete Frauen in ganz Deutschland, darunter auch eine 78-J\u00e4hrige aus Bielefeld. Die T\u00e4ter&hellip;\n","protected":false},"author":2,"featured_media":852797,"comment_status":"","ping_status":"","sticky":false,"template":"","format":"standard","meta":{"footnotes":"","_share_on_mastodon":"0"},"categories":[1841],"tags":[1605,3364,29,30,22261,16392,9307,1611,729,734,736,16384,1613,1600,1209,87945],"class_list":["post-852796","post","type-post","status-publish","format-standard","has-post-thumbnail","category-bielefeld","tag-bielefeld","tag-de","tag-deutschland","tag-germany","tag-holzkreuz","tag-label_blaulicht","tag-label_foto","tag-label_informiere-mich","tag-label_s-50","tag-meta_artikelklasse_nachricht","tag-meta_copyrights_nw","tag-meta_themen_blaulicht_sicherheit","tag-meta_userneeds_informieremich","tag-niederwall","tag-nordrhein-westfalen","tag-ttung"],"share_on_mastodon":{"url":"https:\/\/pubeurope.com\/@de\/116194314174811112","error":""},"_links":{"self":[{"href":"https:\/\/www.europesays.com\/de\/wp-json\/wp\/v2\/posts\/852796","targetHints":{"allow":["GET"]}}],"collection":[{"href":"https:\/\/www.europesays.com\/de\/wp-json\/wp\/v2\/posts"}],"about":[{"href":"https:\/\/www.europesays.com\/de\/wp-json\/wp\/v2\/types\/post"}],"author":[{"embeddable":true,"href":"https:\/\/www.europesays.com\/de\/wp-json\/wp\/v2\/users\/2"}],"replies":[{"embeddable":true,"href":"https:\/\/www.europesays.com\/de\/wp-json\/wp\/v2\/comments?post=852796"}],"version-history":[{"count":0,"href":"https:\/\/www.europesays.com\/de\/wp-json\/wp\/v2\/posts\/852796\/revisions"}],"wp:featuredmedia":[{"embeddable":true,"href":"https:\/\/www.europesays.com\/de\/wp-json\/wp\/v2\/media\/852797"}],"wp:attachment":[{"href":"https:\/\/www.europesays.com\/de\/wp-json\/wp\/v2\/media?parent=852796"}],"wp:term":[{"taxonomy":"category","embeddable":true,"href":"https:\/\/www.europesays.com\/de\/wp-json\/wp\/v2\/categories?post=852796"},{"taxonomy":"post_tag","embeddable":true,"href":"https:\/\/www.europesays.com\/de\/wp-json\/wp\/v2\/tags?post=852796"}],"curies":[{"name":"wp","href":"https:\/\/api.w.org\/{rel}","templated":true}]}}