{"id":852840,"date":"2026-03-08T16:05:13","date_gmt":"2026-03-08T16:05:13","guid":{"rendered":"https:\/\/www.europesays.com\/de\/852840\/"},"modified":"2026-03-08T16:05:13","modified_gmt":"2026-03-08T16:05:13","slug":"zoll-stoppt-einfuhr-von-elektrogeraeten-aus-der-tuerkei","status":"publish","type":"post","link":"https:\/\/www.europesays.com\/de\/852840\/","title":{"rendered":"Zoll stoppt Einfuhr von Elektroger\u00e4ten aus der T\u00fcrkei"},"content":{"rendered":"<p>Endstation Zolll: Weil die Elektroger\u00e4te einer Fracht aus der T\u00fcrkei nicht den EU-Sicherheitsbestimmungen entsprechen, d\u00fcrfen sie hierzulande auch nicht in den Warenverkehr gebracht werden.<\/p>\n<p>Der Zoll in Dresden hat eine Einfuhr von Elektroger\u00e4ten unterbunden, die von einem Lkw aus der T\u00fcrkei nach Deutschland bef\u00f6rdert worden waren. Die Ger\u00e4te &#8211; darunter K\u00fchl- und Gefrierschr\u00e4nke und Maschinen zur Teig- oder Fleischverarbeitung &#8211; sollten an eine Firma in Hessen gehen, h\u00e4tten aber gegen die Bestimmungen des Produktsicherheitsgesetzes versto\u00dfen, teilte das Hauptzollamt Dresden mit.\u00a0<\/p>\n<p>Ger\u00e4te m\u00fcssen wieder ausgef\u00fchrt oder vernichtet werden<\/p>\n<p>\u00abTeilweise fehlten erforderliche Unterlagen oder die Produktkennzeichnungen entsprachen nicht den gesetzlichen Anforderungen\u00bb, hie\u00df es. Die Landesdirektion Sachsen habe das als zust\u00e4ndige Kontrollbeh\u00f6rde gepr\u00fcft. Folglich d\u00fcrften die Maschinen nicht auf den europ\u00e4ischen Markt gelangen. Sie m\u00fcssten wieder ausgef\u00fchrt oder vernichtet werden.\u00a0<\/p>\n","protected":false},"excerpt":{"rendered":"Endstation Zolll: Weil die Elektroger\u00e4te einer Fracht aus der T\u00fcrkei nicht den EU-Sicherheitsbestimmungen entsprechen, d\u00fcrfen sie hierzulande auch&hellip;\n","protected":false},"author":2,"featured_media":852841,"comment_status":"","ping_status":"","sticky":false,"template":"","format":"standard","meta":{"footnotes":"","_share_on_mastodon":"0"},"categories":[1835],"tags":[25492,38227,3364,29,2386,27311,30,859,615],"class_list":["post-852840","post","type-post","status-publish","format-standard","has-post-thumbnail","category-dresden","tag-trkei","tag-behrden","tag-de","tag-deutschland","tag-dresden","tag-elektroindustrie","tag-germany","tag-sachsen","tag-zoll"],"share_on_mastodon":{"url":"https:\/\/pubeurope.com\/@de\/116194412080925913","error":""},"_links":{"self":[{"href":"https:\/\/www.europesays.com\/de\/wp-json\/wp\/v2\/posts\/852840","targetHints":{"allow":["GET"]}}],"collection":[{"href":"https:\/\/www.europesays.com\/de\/wp-json\/wp\/v2\/posts"}],"about":[{"href":"https:\/\/www.europesays.com\/de\/wp-json\/wp\/v2\/types\/post"}],"author":[{"embeddable":true,"href":"https:\/\/www.europesays.com\/de\/wp-json\/wp\/v2\/users\/2"}],"replies":[{"embeddable":true,"href":"https:\/\/www.europesays.com\/de\/wp-json\/wp\/v2\/comments?post=852840"}],"version-history":[{"count":0,"href":"https:\/\/www.europesays.com\/de\/wp-json\/wp\/v2\/posts\/852840\/revisions"}],"wp:featuredmedia":[{"embeddable":true,"href":"https:\/\/www.europesays.com\/de\/wp-json\/wp\/v2\/media\/852841"}],"wp:attachment":[{"href":"https:\/\/www.europesays.com\/de\/wp-json\/wp\/v2\/media?parent=852840"}],"wp:term":[{"taxonomy":"category","embeddable":true,"href":"https:\/\/www.europesays.com\/de\/wp-json\/wp\/v2\/categories?post=852840"},{"taxonomy":"post_tag","embeddable":true,"href":"https:\/\/www.europesays.com\/de\/wp-json\/wp\/v2\/tags?post=852840"}],"curies":[{"name":"wp","href":"https:\/\/api.w.org\/{rel}","templated":true}]}}